[{"@context":"https:\/\/schema.org\/","@type":"NewsArticle","@id":"https:\/\/sd-sport.si\/zgodovinska-zmaga-anzeta-semenica-v-zakopanah-peter-prevc-na-3-mestu\/#NewsArticle","mainEntityOfPage":"https:\/\/sd-sport.si\/zgodovinska-zmaga-anzeta-semenica-v-zakopanah-peter-prevc-na-3-mestu\/","headline":"Zgodovinska zmaga An\u017eeta Semeni\u010da v Zakopanah, Peter Prevc na 3. mestu!","name":"Zgodovinska zmaga An\u017eeta Semeni\u010da v Zakopanah, Peter Prevc na 3. mestu!","description":"Na posami\u010dni tekmi svetovnega pokala v smu\u010darskih skokih v Zakopanah je An\u017ee Semeni\u010d dosegel prvo zmago v karieri svetovnega pokala! Sijajen uspeh je s tretjim mestom dopolnil Peter Prevc! An\u017ee Semeni\u010d je prvi\u010d v karieri stopil na oder za zmagovalce na posami\u010dni tekmi svetovnega pokala Foto: GEPA Po ekipni tekmi svetovnega pokala so se danes […]","datePublished":"2018-01-28","dateModified":"2018-01-28","author":{"@type":"Person","@id":"https:\/\/sd-sport.si\/author\/dpekec\/#Person","name":"Dominik Peke\u010d","url":"https:\/\/sd-sport.si\/author\/dpekec\/","image":{"@type":"ImageObject","@id":"https:\/\/secure.gravatar.com\/avatar\/0a03ff834bf273ecc8751080e69f0e8a?s=96&d=mm&r=g","url":"https:\/\/secure.gravatar.com\/avatar\/0a03ff834bf273ecc8751080e69f0e8a?s=96&d=mm&r=g","height":96,"width":96}},"publisher":{"@type":"Organization","name":"SD SPORT","logo":{"@type":"ImageObject","@id":"https:\/\/sd-sport.si\/wp-content\/uploads\/2018\/04\/uradnilogo.jpg","url":"https:\/\/sd-sport.si\/wp-content\/uploads\/2018\/04\/uradnilogo.jpg","width":250,"height":50}},"image":{"@type":"ImageObject","@id":"https:\/\/sd-sport.si\/wp-content\/uploads\/2018\/01\/116561_G08_W01.jpg","url":"https:\/\/sd-sport.si\/wp-content\/uploads\/2018\/01\/116561_G08_W01.jpg","height":360,"width":640},"url":"https:\/\/sd-sport.si\/zgodovinska-zmaga-anzeta-semenica-v-zakopanah-peter-prevc-na-3-mestu\/","about":["Uncategorized"],"wordCount":686,"keywords":["An\u017ee Semeni\u010d","Peter Prevc","Smu\u010darski skoki","Svetovni pokal"],"articleBody":"Na posami\u010dni tekmi svetovnega pokala v smu\u010darskih skokih v Zakopanah je An\u017ee Semeni\u010d dosegel prvo zmago v karieri svetovnega pokala! Sijajen uspeh je s tretjim mestom dopolnil Peter Prevc!An\u017ee Semeni\u010d je prvi\u010d v karieri stopil na oder za zmagovalce na posami\u010dni tekmi svetovnega pokala Foto: GEPAPo ekipni tekmi svetovnega pokala so se danes smu\u010darji skakalci pomerili \u0161e na posami\u010dni tekmi. V konkurenci je bilo pet na\u0161ih orlov, vsi ki so pripotovali na tekme v Zakopane.\u00a0Domen Prevc\u00a0je nastopil kot prvi, a kmalu po pristanku pri 116 metrih je bilo jasno, da z 82,5 to\u010dkami v finale danes ne bo pri\u0161el. Enako se je \u017eal zgodilo tudi z naslednjim na\u0161im,\u00a0\u017digo Jelarjem. Sko\u010dil je \u0161e meter manj od Domna, 81,9 to\u010dk pa ga je uvrstilo tik za njega na 36. mesto. Po odli\u010dnem skoku v poizkusni seriji, ko je imel 9. oceno oz. 3. daljavo, je v prvi seriji napako naredil \u0161e\u00a0Timi Zajc. S 107.5 metri in 66,9 to\u010dkami je obstal na 47. mestu.Zahtevne razmere odnesle Stocha, na\u0161a tik pod vrhomPrecej bolje je nato zelo dobre vremenske razmere izkoristil\u00a0An\u017ee Semeni\u010d. S 134.5 metri in 114,5 to\u010dkami je po skoku zasedel 2. mesto, le za norve\u0161kim najstnikom, Mariusom Lindvikom, ki je sko\u010dil 138 metrov, zbral pa je 120,4 to\u010dk. Semeni\u010d je na drugem mestu vztrajal kar nekaj \u010dasa, kmalu pa ga je prehitel reprezentan\u010dni kolega,\u00a0Peter Prevc. S 131 metri je ob malce slab\u0161ih vetrovnih razmerah zbral 117,2 to\u010dk, vse skupaj pa je bilo dovolj za visoko 4. mesto po prvi seriji, tik za njim je bil Semeni\u010d. Ob zaklju\u010dku finalne serije je za\u010delo de\u017eevati, razmere so bile vse te\u017eje in kar nekaj tekmovalcev izmed najbolj\u0161e deseterice skupnega se\u0161tevka je sko\u010dilo precej slab\u0161e od pri\u010dakovanj. \u017drtev slabe odlo\u010ditve \u017eirije je bil predvsem doma\u010di as, Kamil Stoch, ki v slabih razmerah ve\u010d kot 108.5 metrov ni mogel sko\u010diti, zasedel pa je 38. mesto in tako ostal brez to\u010dk svetovnega pokala pred doma\u010dimi gledalci.Doma\u010dim je v tola\u017ebo ostalo 1. mesto Stefana Hule, ki je pristal pri 132 metrih, zbral je 121,2 to\u010dk, drugi je bil Lindvik, tretji pa prebujajo\u010di se \u0160vicar Simon Ammann s 135.5 metri in 119,1 to\u010dkami.Peter Prevc je v Zakopanah prvi\u010d v olimpijski sezoni sko\u010dil na oder za zmagovalce Foto: GEPASijajni predstavi za popoln slovenski uspeh na PoljskemNato pa, kljub le dvema finalistoma, dramati\u010den razplet finalne serije. Te\u017eke razmere in nizko zaleti\u0161\u010de sta botrovala k kratkim skokom ve\u010dine finalistov. Ko je Andreas Wellinger z 9. mesta po prvi seriji pristal pri 136.5 metrih je z 242,0 to\u010dkami zanesljivo prevzel vodstvo in napovedal skok po lestvici navzgor. Prvi ga je prehitel \u0161ele na\u0161 Semeni\u010d, ki je imel povpre\u010dno dobre vetrovne razmere, a pristal je pri super 137.5 metrih, zbral je 245,6 to\u010dk in vrhunska uvrstitev je bila tu. Takoj za njim je Prevc v podobnih razmerah pristal pri 134 metrih, zbral je 241,2 to\u010dk, kar ga je uvrstilo na trenutno tretje mesto. Sijajna skoka na\u0161ih dveh sta bila prevelik izziv za preostalo trojico na vrhu. Ammann je s 131 metri padel na 5., Lindvik s 127.5 metri na 8. in Hula s 129.5 metri na 4. mesto in slovensko slavje se je za\u010delo.An\u017ee Semeni\u010d je prvi\u010d v karieri sploh stopil na oder za zmagovalce na posami\u010dni tekmi svetovnega pokala, Peter Prevc pa je prvi\u010d letos stopil na oder za zmagovalce. Tr\u017ei\u010dan je po dveh zmagah Primo\u017ea Peterke in eni Roka Urbanca poskrbel za \u010detrto slovensko posami\u010dno zmago v Zakopanah!Svetovni pokal se bo prihodnji konec tedna nadaljeval v nem\u0161kem Willingenu, karavana pa se bo nato neposredno iz Nem\u010dije odpravila proti Ju\u017eni Koreji."},{"@context":"https:\/\/schema.org\/","@type":"BreadcrumbList","itemListElement":[{"@type":"ListItem","position":1,"name":"Zgodovinska zmaga An\u017eeta Semeni\u010da v Zakopanah, Peter Prevc na 3. mestu!","item":"https:\/\/sd-sport.si\/zgodovinska-zmaga-anzeta-semenica-v-zakopanah-peter-prevc-na-3-mestu\/#breadcrumbitem"}]}]