{"@context":"https:\/\/schema.org\/","@type":"CollectionPage","@id":"https:\/\/sd-sport.si\/tag\/tshv-eisenach\/#CollectionPage","headline":"TsHV Eisenach Tag","description":"","url":"https:\/\/sd-sport.si\/tag\/tshv-eisenach\/","hasPart":[{"@type":"NewsArticle","@id":"https:\/\/sd-sport.si\/dusan-podpecan-iz-pokoja-v-nemsko-tretjo-ligo\/","headline":"Du\u0161an Podpe\u010dan iz pokoja v nem\u0161ko tretjo ligo!","url":"https:\/\/sd-sport.si\/dusan-podpecan-iz-pokoja-v-nemsko-tretjo-ligo\/","datePublished":"2019-05-10","dateModified":"2019-05-10","mainEntityOfPage":"https:\/\/sd-sport.si\/dusan-podpecan-iz-pokoja-v-nemsko-tretjo-ligo\/","author":{"@type":"Person","@id":"https:\/\/sd-sport.si\/author\/dpekec\/#Person","name":"Dominik Peke\u010d","url":"https:\/\/sd-sport.si\/author\/dpekec\/","description":"Glavni urednik rokometnega portala \u0160D \u0160port","image":{"@type":"ImageObject","@id":"https:\/\/secure.gravatar.com\/avatar\/0a03ff834bf273ecc8751080e69f0e8a?s=96&d=mm&r=g","url":"https:\/\/secure.gravatar.com\/avatar\/0a03ff834bf273ecc8751080e69f0e8a?s=96&d=mm&r=g","height":96,"width":96}},"publisher":{"@type":"Organization","name":"SD SPORT","logo":{"@type":"ImageObject","@id":"https:\/\/sd-sport.si\/wp-content\/uploads\/2018\/04\/uradnilogo.jpg","url":"https:\/\/sd-sport.si\/wp-content\/uploads\/2018\/04\/uradnilogo.jpg","width":250,"height":50}},"image":{"@type":"ImageObject","@id":"https:\/\/sd-sport.si\/wp-content\/uploads\/2019\/05\/Andrej-Belis-dUSAN-pODPECAN-EISENACH-NEMCIJA.jpg","url":"https:\/\/sd-sport.si\/wp-content\/uploads\/2019\/05\/Andrej-Belis-dUSAN-pODPECAN-EISENACH-NEMCIJA.jpg","height":640,"width":960},"keywords":["Bla\u017e Von\u010dina","Du\u0161an Podpe\u010dan","naslovna","Nem\u010dija","Prestop","TsHV Eisenach","Tuja prvenstva"]},{"@type":"NewsArticle","@id":"https:\/\/sd-sport.si\/eisenach-in-nemska-druga-liga-odskocna-deska-za-reprezentanco\/","headline":"Eisenach in nem\u0161ka druga liga odsko\u010dna deska za reprezentanco","url":"https:\/\/sd-sport.si\/eisenach-in-nemska-druga-liga-odskocna-deska-za-reprezentanco\/","datePublished":"2019-04-08","dateModified":"2019-04-08","mainEntityOfPage":"https:\/\/sd-sport.si\/eisenach-in-nemska-druga-liga-odskocna-deska-za-reprezentanco\/","author":{"@type":"Person","@id":"https:\/\/sd-sport.si\/author\/dpekec\/#Person","name":"Dominik Peke\u010d","url":"https:\/\/sd-sport.si\/author\/dpekec\/","description":"Glavni urednik rokometnega portala \u0160D \u0160port","image":{"@type":"ImageObject","@id":"https:\/\/secure.gravatar.com\/avatar\/0a03ff834bf273ecc8751080e69f0e8a?s=96&d=mm&r=g","url":"https:\/\/secure.gravatar.com\/avatar\/0a03ff834bf273ecc8751080e69f0e8a?s=96&d=mm&r=g","height":96,"width":96}},"publisher":{"@type":"Organization","name":"SD SPORT","logo":{"@type":"ImageObject","@id":"https:\/\/sd-sport.si\/wp-content\/uploads\/2018\/04\/uradnilogo.jpg","url":"https:\/\/sd-sport.si\/wp-content\/uploads\/2018\/04\/uradnilogo.jpg","width":250,"height":50}},"image":{"@type":"ImageObject","@id":"https:\/\/sd-sport.si\/wp-content\/uploads\/2019\/03\/Luka-Kikanovic-Andrej-Belis-Blaz-Voncina-Nemcija-Bundesliga-Eisenach-Sead-Hasenefendic.jpg","url":"https:\/\/sd-sport.si\/wp-content\/uploads\/2019\/03\/Luka-Kikanovic-Andrej-Belis-Blaz-Voncina-Nemcija-Bundesliga-Eisenach-Sead-Hasenefendic.jpg","height":640,"width":960},"keywords":["Bundesliga","intervju","Luka Kikanovi\u0107","naslovna","Nem\u010dija","TsHV Eisenach","Tuja prvenstva"]},{"@type":"NewsArticle","@id":"https:\/\/sd-sport.si\/luka-kikanovic-se-seli-k-bodocemu-clanu-nemske-druge-lige\/","headline":"Luka Kikanovi\u0107 se seli k bodo\u010demu \u010dlanu nem\u0161ke druge lige","url":"https:\/\/sd-sport.si\/luka-kikanovic-se-seli-k-bodocemu-clanu-nemske-druge-lige\/","datePublished":"2019-03-31","dateModified":"2019-03-31","mainEntityOfPage":"https:\/\/sd-sport.si\/luka-kikanovic-se-seli-k-bodocemu-clanu-nemske-druge-lige\/","author":{"@type":"Person","@id":"https:\/\/sd-sport.si\/author\/dpekec\/#Person","name":"Dominik Peke\u010d","url":"https:\/\/sd-sport.si\/author\/dpekec\/","description":"Glavni urednik rokometnega portala \u0160D \u0160port","image":{"@type":"ImageObject","@id":"https:\/\/secure.gravatar.com\/avatar\/0a03ff834bf273ecc8751080e69f0e8a?s=96&d=mm&r=g","url":"https:\/\/secure.gravatar.com\/avatar\/0a03ff834bf273ecc8751080e69f0e8a?s=96&d=mm&r=g","height":96,"width":96}},"publisher":{"@type":"Organization","name":"SD SPORT","logo":{"@type":"ImageObject","@id":"https:\/\/sd-sport.si\/wp-content\/uploads\/2018\/04\/uradnilogo.jpg","url":"https:\/\/sd-sport.si\/wp-content\/uploads\/2018\/04\/uradnilogo.jpg","width":250,"height":50}},"image":{"@type":"ImageObject","@id":"https:\/\/sd-sport.si\/wp-content\/uploads\/2019\/03\/Luka-Kikanovic-Andrej-Belis-Blaz-Voncina-Nemcija-Bundesliga-Eisenach-Sead-Hasenefendic.jpg","url":"https:\/\/sd-sport.si\/wp-content\/uploads\/2019\/03\/Luka-Kikanovic-Andrej-Belis-Blaz-Voncina-Nemcija-Bundesliga-Eisenach-Sead-Hasenefendic.jpg","height":640,"width":960},"keywords":["Andrej Beli\u0161","Bla\u017e Von\u010dina","Luka Kikanovi\u0107","naslovna","Nem\u010dija","Sead Hasenefendi\u0107","TsHV Eisenach","Tuja prvenstva"]}]}