{"@context":"https:\/\/schema.org\/","@type":"CollectionPage","@id":"https:\/\/sd-sport.si\/tag\/tone-baric\/#CollectionPage","headline":"Tone Bari\u010d Tag","description":"","url":"https:\/\/sd-sport.si\/tag\/tone-baric\/","hasPart":[{"@type":"NewsArticle","@id":"https:\/\/sd-sport.si\/slovenci-ta-vikend-na-turnirju-nacij-v-zagrebu\/","headline":"Slovenci ta vikend na turnirju nacij v Zagrebu","url":"https:\/\/sd-sport.si\/slovenci-ta-vikend-na-turnirju-nacij-v-zagrebu\/","datePublished":"2019-12-14","dateModified":"2019-12-14","mainEntityOfPage":"https:\/\/sd-sport.si\/slovenci-ta-vikend-na-turnirju-nacij-v-zagrebu\/","author":{"@type":"Person","@id":"https:\/\/sd-sport.si\/author\/dpekec\/#Person","name":"Dominik Peke\u010d","url":"https:\/\/sd-sport.si\/author\/dpekec\/","description":"Glavni urednik rokometnega portala \u0160D \u0160port","image":{"@type":"ImageObject","@id":"https:\/\/secure.gravatar.com\/avatar\/0a03ff834bf273ecc8751080e69f0e8a?s=96&d=mm&r=g","url":"https:\/\/secure.gravatar.com\/avatar\/0a03ff834bf273ecc8751080e69f0e8a?s=96&d=mm&r=g","height":96,"width":96}},"publisher":{"@type":"Organization","name":"SD SPORT","logo":{"@type":"ImageObject","@id":"https:\/\/sd-sport.si\/wp-content\/uploads\/2018\/04\/uradnilogo.jpg","url":"https:\/\/sd-sport.si\/wp-content\/uploads\/2018\/04\/uradnilogo.jpg","width":250,"height":50}},"image":{"@type":"ImageObject","@id":"https:\/\/sd-sport.si\/wp-content\/uploads\/2019\/12\/Slovenija-rokomet-na-vozickih-invalidi-Tone-Baric.jpg","url":"https:\/\/sd-sport.si\/wp-content\/uploads\/2019\/12\/Slovenija-rokomet-na-vozickih-invalidi-Tone-Baric.jpg","height":541,"width":960},"keywords":["naslovna","Rokomet na vozi\u010dkih","Slovenija","Tone Bari\u010d","turnir nacij","Zagreb"]},{"@type":"NewsArticle","@id":"https:\/\/sd-sport.si\/28-eurofest-zaznamovalo-vec-kot-3-tisoc-udelezencev\/","headline":"28. Eurofest zaznamovalo ve\u010d kot 3 tiso\u010d udele\u017eencev","url":"https:\/\/sd-sport.si\/28-eurofest-zaznamovalo-vec-kot-3-tisoc-udelezencev\/","datePublished":"2019-07-09","dateModified":"2019-07-09","mainEntityOfPage":"https:\/\/sd-sport.si\/28-eurofest-zaznamovalo-vec-kot-3-tisoc-udelezencev\/","author":{"@type":"Person","@id":"https:\/\/sd-sport.si\/author\/dpekec\/#Person","name":"Dominik Peke\u010d","url":"https:\/\/sd-sport.si\/author\/dpekec\/","description":"Glavni urednik rokometnega portala \u0160D \u0160port","image":{"@type":"ImageObject","@id":"https:\/\/secure.gravatar.com\/avatar\/0a03ff834bf273ecc8751080e69f0e8a?s=96&d=mm&r=g","url":"https:\/\/secure.gravatar.com\/avatar\/0a03ff834bf273ecc8751080e69f0e8a?s=96&d=mm&r=g","height":96,"width":96}},"publisher":{"@type":"Organization","name":"SD SPORT","logo":{"@type":"ImageObject","@id":"https:\/\/sd-sport.si\/wp-content\/uploads\/2018\/04\/uradnilogo.jpg","url":"https:\/\/sd-sport.si\/wp-content\/uploads\/2018\/04\/uradnilogo.jpg","width":250,"height":50}},"image":{"@type":"ImageObject","@id":"https:\/\/sd-sport.si\/wp-content\/uploads\/2019\/07\/Eurofest-2019-Bonifika-otvoritev-Titov-trg.jpg","url":"https:\/\/sd-sport.si\/wp-content\/uploads\/2019\/07\/Eurofest-2019-Bonifika-otvoritev-Titov-trg.jpg","height":458,"width":960},"keywords":["Arena Bonifika","Eurofest 2019","Koper","naslovna","Tone Bari\u010d"]},{"@type":"NewsArticle","@id":"https:\/\/sd-sport.si\/na-eurofestu-tudi-letos-sd-sport\/","headline":"Na Eurofestu tudi letos \u0160D \u0160port!","url":"https:\/\/sd-sport.si\/na-eurofestu-tudi-letos-sd-sport\/","datePublished":"2019-06-27","dateModified":"2019-06-28","mainEntityOfPage":"https:\/\/sd-sport.si\/na-eurofestu-tudi-letos-sd-sport\/","author":{"@type":"Person","@id":"https:\/\/sd-sport.si\/author\/dpekec\/#Person","name":"Dominik Peke\u010d","url":"https:\/\/sd-sport.si\/author\/dpekec\/","description":"Glavni urednik rokometnega portala \u0160D \u0160port","image":{"@type":"ImageObject","@id":"https:\/\/secure.gravatar.com\/avatar\/0a03ff834bf273ecc8751080e69f0e8a?s=96&d=mm&r=g","url":"https:\/\/secure.gravatar.com\/avatar\/0a03ff834bf273ecc8751080e69f0e8a?s=96&d=mm&r=g","height":96,"width":96}},"publisher":{"@type":"Organization","name":"SD SPORT","logo":{"@type":"ImageObject","@id":"https:\/\/sd-sport.si\/wp-content\/uploads\/2018\/04\/uradnilogo.jpg","url":"https:\/\/sd-sport.si\/wp-content\/uploads\/2018\/04\/uradnilogo.jpg","width":250,"height":50}},"image":{"@type":"ImageObject","@id":"https:\/\/sd-sport.si\/wp-content\/uploads\/2018\/07\/Eurofest-2018-fotke-pihner.jpg","url":"https:\/\/sd-sport.si\/wp-content\/uploads\/2018\/07\/Eurofest-2018-fotke-pihner.jpg","height":640,"width":960},"keywords":["Eurofest 2019","naslovna","Skupina Tequila","Tone Bari\u010d"]},{"@type":"NewsArticle","@id":"https:\/\/sd-sport.si\/zacenja-se-6-velikonocni-turnir-koper-cup\/","headline":"Za\u010denja se 6. velikono\u010dni turnir Koper Cup!","url":"https:\/\/sd-sport.si\/zacenja-se-6-velikonocni-turnir-koper-cup\/","datePublished":"2019-04-20","dateModified":"2019-04-20","mainEntityOfPage":"https:\/\/sd-sport.si\/zacenja-se-6-velikonocni-turnir-koper-cup\/","author":{"@type":"Person","@id":"https:\/\/sd-sport.si\/author\/dpekec\/#Person","name":"Dominik Peke\u010d","url":"https:\/\/sd-sport.si\/author\/dpekec\/","description":"Glavni urednik rokometnega portala \u0160D \u0160port","image":{"@type":"ImageObject","@id":"https:\/\/secure.gravatar.com\/avatar\/0a03ff834bf273ecc8751080e69f0e8a?s=96&d=mm&r=g","url":"https:\/\/secure.gravatar.com\/avatar\/0a03ff834bf273ecc8751080e69f0e8a?s=96&d=mm&r=g","height":96,"width":96}},"publisher":{"@type":"Organization","name":"SD SPORT","logo":{"@type":"ImageObject","@id":"https:\/\/sd-sport.si\/wp-content\/uploads\/2018\/04\/uradnilogo.jpg","url":"https:\/\/sd-sport.si\/wp-content\/uploads\/2018\/04\/uradnilogo.jpg","width":250,"height":50}},"image":{"@type":"ImageObject","@id":"https:\/\/sd-sport.si\/wp-content\/uploads\/2018\/07\/Eurofest-2018-fotke-pihner1.jpg","url":"https:\/\/sd-sport.si\/wp-content\/uploads\/2018\/07\/Eurofest-2018-fotke-pihner1.jpg","height":640,"width":960},"keywords":["Koper cup 2019","Mlaj\u0161e kategorije","naslovna","Tone Bari\u010d","Turnir"]},{"@type":"NewsArticle","@id":"https:\/\/sd-sport.si\/tone-baric-uspesno-izpeljal-se-en-izjemen-projekt\/","headline":"Tone Bari\u010d uspe\u0161no izpeljal \u0161e en izjemen projekt!","url":"https:\/\/sd-sport.si\/tone-baric-uspesno-izpeljal-se-en-izjemen-projekt\/","datePublished":"2018-11-01","dateModified":"2018-11-01","mainEntityOfPage":"https:\/\/sd-sport.si\/tone-baric-uspesno-izpeljal-se-en-izjemen-projekt\/","author":{"@type":"Person","@id":"https:\/\/sd-sport.si\/author\/dpekec\/#Person","name":"Dominik Peke\u010d","url":"https:\/\/sd-sport.si\/author\/dpekec\/","description":"Glavni urednik rokometnega portala \u0160D \u0160port","image":{"@type":"ImageObject","@id":"https:\/\/secure.gravatar.com\/avatar\/0a03ff834bf273ecc8751080e69f0e8a?s=96&d=mm&r=g","url":"https:\/\/secure.gravatar.com\/avatar\/0a03ff834bf273ecc8751080e69f0e8a?s=96&d=mm&r=g","height":96,"width":96}},"publisher":{"@type":"Organization","name":"SD SPORT","logo":{"@type":"ImageObject","@id":"https:\/\/sd-sport.si\/wp-content\/uploads\/2018\/04\/uradnilogo.jpg","url":"https:\/\/sd-sport.si\/wp-content\/uploads\/2018\/04\/uradnilogo.jpg","width":250,"height":50}},"image":{"@type":"ImageObject","@id":"https:\/\/sd-sport.si\/wp-content\/uploads\/2018\/10\/RD-Butan-Plin-Izola-Tone-Baric-rokometno-varstvo-1.jpg","url":"https:\/\/sd-sport.si\/wp-content\/uploads\/2018\/10\/RD-Butan-Plin-Izola-Tone-Baric-rokometno-varstvo-1.jpg","height":500,"width":850},"keywords":["mladi","naslovna","RD Izola","Tone Bari\u010d"]}]}