{"@context":"https:\/\/schema.org\/","@type":"CollectionPage","@id":"https:\/\/sd-sport.si\/tag\/tilen-kosi\/#CollectionPage","headline":"Tilen Kosi Tag","description":"","url":"https:\/\/sd-sport.si\/tag\/tilen-kosi\/","hasPart":[{"@type":"NewsArticle","@id":"https:\/\/sd-sport.si\/ormoz-dobiva-naslednika-marka-bezjaka\/","headline":"Ormo\u017e dobiva naslednika Marka Bezjaka","url":"https:\/\/sd-sport.si\/ormoz-dobiva-naslednika-marka-bezjaka\/","datePublished":"2019-06-10","dateModified":"2019-06-10","mainEntityOfPage":"https:\/\/sd-sport.si\/ormoz-dobiva-naslednika-marka-bezjaka\/","author":{"@type":"Person","@id":"https:\/\/sd-sport.si\/author\/dpekec\/#Person","name":"Dominik Peke\u010d","url":"https:\/\/sd-sport.si\/author\/dpekec\/","description":"Glavni urednik rokometnega portala \u0160D \u0160port","image":{"@type":"ImageObject","@id":"https:\/\/secure.gravatar.com\/avatar\/0a03ff834bf273ecc8751080e69f0e8a?s=96&d=mm&r=g","url":"https:\/\/secure.gravatar.com\/avatar\/0a03ff834bf273ecc8751080e69f0e8a?s=96&d=mm&r=g","height":96,"width":96}},"publisher":{"@type":"Organization","name":"SD SPORT","logo":{"@type":"ImageObject","@id":"https:\/\/sd-sport.si\/wp-content\/uploads\/2018\/04\/uradnilogo.jpg","url":"https:\/\/sd-sport.si\/wp-content\/uploads\/2018\/04\/uradnilogo.jpg","width":250,"height":50}},"image":{"@type":"ImageObject","@id":"https:\/\/sd-sport.si\/wp-content\/uploads\/2019\/06\/PROJEKT-TALENT-PRIMER-1-1.jpg","url":"https:\/\/sd-sport.si\/wp-content\/uploads\/2019\/06\/PROJEKT-TALENT-PRIMER-1-1.jpg","height":640,"width":960},"keywords":["naslovna","RK Jeruzalem Ormo\u017e","TALENT","Tilen Kosi"]},{"@type":"NewsArticle","@id":"https:\/\/sd-sport.si\/tilen-kosi-pred-gostovanjem-v-zasavju-tocke-bodo-stele-dvojno\/","headline":"Tilen Kosi pred gostovanjem v Zasavju: “To\u010dke bodo \u0161tele dvojno.”","url":"https:\/\/sd-sport.si\/tilen-kosi-pred-gostovanjem-v-zasavju-tocke-bodo-stele-dvojno\/","datePublished":"2019-03-27","dateModified":"2019-03-27","mainEntityOfPage":"https:\/\/sd-sport.si\/tilen-kosi-pred-gostovanjem-v-zasavju-tocke-bodo-stele-dvojno\/","author":{"@type":"Person","@id":"https:\/\/sd-sport.si\/author\/dpekec\/#Person","name":"Dominik Peke\u010d","url":"https:\/\/sd-sport.si\/author\/dpekec\/","description":"Glavni urednik rokometnega portala \u0160D \u0160port","image":{"@type":"ImageObject","@id":"https:\/\/secure.gravatar.com\/avatar\/0a03ff834bf273ecc8751080e69f0e8a?s=96&d=mm&r=g","url":"https:\/\/secure.gravatar.com\/avatar\/0a03ff834bf273ecc8751080e69f0e8a?s=96&d=mm&r=g","height":96,"width":96}},"publisher":{"@type":"Organization","name":"SD SPORT","logo":{"@type":"ImageObject","@id":"https:\/\/sd-sport.si\/wp-content\/uploads\/2018\/04\/uradnilogo.jpg","url":"https:\/\/sd-sport.si\/wp-content\/uploads\/2018\/04\/uradnilogo.jpg","width":250,"height":50}},"image":{"@type":"ImageObject","@id":"https:\/\/sd-sport.si\/wp-content\/uploads\/2018\/07\/Tilen-Kosi-Gasper-Horvat-Dominik-Ozmec-letnik-1998-Jeruzalem-Ormo\u017e-Slovenija-reprezentanca3.jpg","url":"https:\/\/sd-sport.si\/wp-content\/uploads\/2018\/07\/Tilen-Kosi-Gasper-Horvat-Dominik-Ozmec-letnik-1998-Jeruzalem-Ormo\u017e-Slovenija-reprezentanca3.jpg","height":710,"width":960},"keywords":["Liga NLB","Liga NLB za obstanek","naslovna","RK Dol TKI Hrastnik","RK Jeruzalem Ormo\u017e","Tilen Kosi"]},{"@type":"NewsArticle","@id":"https:\/\/sd-sport.si\/ali-bo-sok-terapija-na-ribniski-klopi-proti-ormozu-uspela\/","headline":"Ali bo \u0161ok terapija na ribni\u0161ki klopi proti Ormo\u017eu uspela?","url":"https:\/\/sd-sport.si\/ali-bo-sok-terapija-na-ribniski-klopi-proti-ormozu-uspela\/","datePublished":"2019-03-16","dateModified":"2019-03-16","mainEntityOfPage":"https:\/\/sd-sport.si\/ali-bo-sok-terapija-na-ribniski-klopi-proti-ormozu-uspela\/","author":{"@type":"Person","@id":"https:\/\/sd-sport.si\/author\/dpekec\/#Person","name":"Dominik Peke\u010d","url":"https:\/\/sd-sport.si\/author\/dpekec\/","description":"Glavni urednik rokometnega portala \u0160D \u0160port","image":{"@type":"ImageObject","@id":"https:\/\/secure.gravatar.com\/avatar\/0a03ff834bf273ecc8751080e69f0e8a?s=96&d=mm&r=g","url":"https:\/\/secure.gravatar.com\/avatar\/0a03ff834bf273ecc8751080e69f0e8a?s=96&d=mm&r=g","height":96,"width":96}},"publisher":{"@type":"Organization","name":"SD SPORT","logo":{"@type":"ImageObject","@id":"https:\/\/sd-sport.si\/wp-content\/uploads\/2018\/04\/uradnilogo.jpg","url":"https:\/\/sd-sport.si\/wp-content\/uploads\/2018\/04\/uradnilogo.jpg","width":250,"height":50}},"image":{"@type":"ImageObject","@id":"https:\/\/sd-sport.si\/wp-content\/uploads\/2019\/02\/RD-Riko-Ribnica-RK-Trimo-Trebnje-NLB-liga-23.2.2019-32.jpg","url":"https:\/\/sd-sport.si\/wp-content\/uploads\/2019\/02\/RD-Riko-Ribnica-RK-Trimo-Trebnje-NLB-liga-23.2.2019-32.jpg","height":640,"width":960},"keywords":["Damjan \u0160kaper","Jan Pucelj","Liga NLB","naslovna","RD Riko Ribnica","RK Jeruzalem Ormo\u017e","Tilen Kosi"]},{"@type":"NewsArticle","@id":"https:\/\/sd-sport.si\/vinarji-si-nikakor-ne-smejo-privosciti-status-outsiderja\/","headline":"Vinarji si nikakor ne smejo privo\u0161\u010diti status \u00bboutsiderja\u00ab","url":"https:\/\/sd-sport.si\/vinarji-si-nikakor-ne-smejo-privosciti-status-outsiderja\/","datePublished":"2019-02-23","dateModified":"2019-02-23","mainEntityOfPage":"https:\/\/sd-sport.si\/vinarji-si-nikakor-ne-smejo-privosciti-status-outsiderja\/","author":{"@type":"Person","@id":"https:\/\/sd-sport.si\/author\/dpekec\/#Person","name":"Dominik Peke\u010d","url":"https:\/\/sd-sport.si\/author\/dpekec\/","description":"Glavni urednik rokometnega portala \u0160D \u0160port","image":{"@type":"ImageObject","@id":"https:\/\/secure.gravatar.com\/avatar\/0a03ff834bf273ecc8751080e69f0e8a?s=96&d=mm&r=g","url":"https:\/\/secure.gravatar.com\/avatar\/0a03ff834bf273ecc8751080e69f0e8a?s=96&d=mm&r=g","height":96,"width":96}},"publisher":{"@type":"Organization","name":"SD SPORT","logo":{"@type":"ImageObject","@id":"https:\/\/sd-sport.si\/wp-content\/uploads\/2018\/04\/uradnilogo.jpg","url":"https:\/\/sd-sport.si\/wp-content\/uploads\/2018\/04\/uradnilogo.jpg","width":250,"height":50}},"image":{"@type":"ImageObject","@id":"https:\/\/sd-sport.si\/wp-content\/uploads\/2019\/02\/RK-Jeruzalem-Ormoz-NLB-liga-ekipa-1-1.jpg","url":"https:\/\/sd-sport.si\/wp-content\/uploads\/2019\/02\/RK-Jeruzalem-Ormoz-NLB-liga-ekipa-1-1.jpg","height":640,"width":960},"keywords":["naslovna","NLB liga","RD Koper","RK Jeruzalem Ormo\u017e","Tilen Kosi"]},{"@type":"NewsArticle","@id":"https:\/\/sd-sport.si\/slovenski-mladinci-prihodnji-teden-na-mocan-turnir-na-madzarsko\/","headline":"Slovenski mladinci prihodnji teden na mo\u010dan turnir na Mad\u017earsko","url":"https:\/\/sd-sport.si\/slovenski-mladinci-prihodnji-teden-na-mocan-turnir-na-madzarsko\/","datePublished":"2019-01-05","dateModified":"2019-01-05","mainEntityOfPage":"https:\/\/sd-sport.si\/slovenski-mladinci-prihodnji-teden-na-mocan-turnir-na-madzarsko\/","author":{"@type":"Person","@id":"https:\/\/sd-sport.si\/author\/dpekec\/#Person","name":"Dominik Peke\u010d","url":"https:\/\/sd-sport.si\/author\/dpekec\/","description":"Glavni urednik rokometnega portala \u0160D \u0160port","image":{"@type":"ImageObject","@id":"https:\/\/secure.gravatar.com\/avatar\/0a03ff834bf273ecc8751080e69f0e8a?s=96&d=mm&r=g","url":"https:\/\/secure.gravatar.com\/avatar\/0a03ff834bf273ecc8751080e69f0e8a?s=96&d=mm&r=g","height":96,"width":96}},"publisher":{"@type":"Organization","name":"SD SPORT","logo":{"@type":"ImageObject","@id":"https:\/\/sd-sport.si\/wp-content\/uploads\/2018\/04\/uradnilogo.jpg","url":"https:\/\/sd-sport.si\/wp-content\/uploads\/2018\/04\/uradnilogo.jpg","width":250,"height":50}},"image":{"@type":"ImageObject","@id":"https:\/\/sd-sport.si\/wp-content\/uploads\/2018\/07\/37652699_2084886198437427_150000839459602432_n.jpg","url":"https:\/\/sd-sport.si\/wp-content\/uploads\/2018\/07\/37652699_2084886198437427_150000839459602432_n.jpg","height":788,"width":940},"keywords":["naslovna","Reprezentan\u010dni rokomet","Slovenska mladinska rokometna reprezentanca","Tilen Kosi","Turnir"]},{"@type":"NewsArticle","@id":"https:\/\/sd-sport.si\/kosi-vendarle-v-postavi-za-islandijo-prapotnik-kapetana-zamenjal-z-dobovicnikom\/","headline":"Kosi vendarle v postavi za Islandijo, Prapotnik kapetana zamenjal z Dobovi\u010dnikom","url":"https:\/\/sd-sport.si\/kosi-vendarle-v-postavi-za-islandijo-prapotnik-kapetana-zamenjal-z-dobovicnikom\/","datePublished":"2018-07-27","dateModified":"2018-07-27","mainEntityOfPage":"https:\/\/sd-sport.si\/kosi-vendarle-v-postavi-za-islandijo-prapotnik-kapetana-zamenjal-z-dobovicnikom\/","author":{"@type":"Person","@id":"https:\/\/sd-sport.si\/author\/rzs\/#Person","name":"RZS","url":"https:\/\/sd-sport.si\/author\/rzs\/","image":{"@type":"ImageObject","@id":"https:\/\/secure.gravatar.com\/avatar\/0bd269e7fd61a3e25d2010124b071df5?s=96&d=mm&r=g","url":"https:\/\/secure.gravatar.com\/avatar\/0bd269e7fd61a3e25d2010124b071df5?s=96&d=mm&r=g","height":96,"width":96}},"publisher":{"@type":"Organization","name":"SD SPORT","logo":{"@type":"ImageObject","@id":"https:\/\/sd-sport.si\/wp-content\/uploads\/2018\/04\/uradnilogo.jpg","url":"https:\/\/sd-sport.si\/wp-content\/uploads\/2018\/04\/uradnilogo.jpg","width":250,"height":50}},"image":{"@type":"ImageObject","@id":"https:\/\/sd-sport.si\/wp-content\/uploads\/2018\/07\/Tilen-Kosi-Gasper-Horvat-Dominik-Ozmec-letnik-1998-Jeruzalem-Ormo\u017e-Slovenija-reprezentanca3.jpg","url":"https:\/\/sd-sport.si\/wp-content\/uploads\/2018\/07\/Tilen-Kosi-Gasper-Horvat-Dominik-Ozmec-letnik-1998-Jeruzalem-Ormo\u017e-Slovenija-reprezentanca3.jpg","height":710,"width":960},"keywords":["EP v rokometu do 20 let","naslovna","Slovenska mladinska rokometna reprezentanca","Tilen Kosi"]},{"@type":"NewsArticle","@id":"https:\/\/sd-sport.si\/kosija-bo-proti-islandiji-zaradi-poskodbe-zamenjal-gasper-horvat\/","headline":"Kosija bo proti Islandiji zaradi po\u0161kodbe zamenjal Ga\u0161per Horvat","url":"https:\/\/sd-sport.si\/kosija-bo-proti-islandiji-zaradi-poskodbe-zamenjal-gasper-horvat\/","datePublished":"2018-07-25","dateModified":"2018-07-25","mainEntityOfPage":"https:\/\/sd-sport.si\/kosija-bo-proti-islandiji-zaradi-poskodbe-zamenjal-gasper-horvat\/","author":{"@type":"Person","@id":"https:\/\/sd-sport.si\/author\/dpekec\/#Person","name":"Dominik Peke\u010d","url":"https:\/\/sd-sport.si\/author\/dpekec\/","description":"Glavni urednik rokometnega portala \u0160D \u0160port","image":{"@type":"ImageObject","@id":"https:\/\/secure.gravatar.com\/avatar\/0a03ff834bf273ecc8751080e69f0e8a?s=96&d=mm&r=g","url":"https:\/\/secure.gravatar.com\/avatar\/0a03ff834bf273ecc8751080e69f0e8a?s=96&d=mm&r=g","height":96,"width":96}},"publisher":{"@type":"Organization","name":"SD SPORT","logo":{"@type":"ImageObject","@id":"https:\/\/sd-sport.si\/wp-content\/uploads\/2018\/04\/uradnilogo.jpg","url":"https:\/\/sd-sport.si\/wp-content\/uploads\/2018\/04\/uradnilogo.jpg","width":250,"height":50}},"image":{"@type":"ImageObject","@id":"https:\/\/sd-sport.si\/wp-content\/uploads\/2018\/06\/Tilen-Kosi-rokomet-RK-Jeruzalem-Ormo\u017e-NLB-liga-Slovenija-Slovenska-rokometna-reprezentanca.jpg","url":"https:\/\/sd-sport.si\/wp-content\/uploads\/2018\/06\/Tilen-Kosi-rokomet-RK-Jeruzalem-Ormo\u017e-NLB-liga-Slovenija-Slovenska-rokometna-reprezentanca.jpg","height":450,"width":800},"keywords":["EP v rokometu do 20 let","Ga\u0161per Horvat","naslovna","rokomet","Slovenska mladinska rokometna reprezentanca","Tilen Kosi"]},{"@type":"NewsArticle","@id":"https:\/\/sd-sport.si\/tilen-kosi-pred-tekmo-s-srbijo-gre-za-najpomembnejso-tekmo-v-skupinskem-delu\/","headline":"Tilen Kosi pred tekmo s Srbijo: gre za najpomembnej\u0161o tekmo v skupinskem delu!","url":"https:\/\/sd-sport.si\/tilen-kosi-pred-tekmo-s-srbijo-gre-za-najpomembnejso-tekmo-v-skupinskem-delu\/","datePublished":"2018-07-21","dateModified":"2018-07-21","mainEntityOfPage":"https:\/\/sd-sport.si\/tilen-kosi-pred-tekmo-s-srbijo-gre-za-najpomembnejso-tekmo-v-skupinskem-delu\/","author":{"@type":"Person","@id":"https:\/\/sd-sport.si\/author\/dpekec\/#Person","name":"Dominik Peke\u010d","url":"https:\/\/sd-sport.si\/author\/dpekec\/","description":"Glavni urednik rokometnega portala \u0160D \u0160port","image":{"@type":"ImageObject","@id":"https:\/\/secure.gravatar.com\/avatar\/0a03ff834bf273ecc8751080e69f0e8a?s=96&d=mm&r=g","url":"https:\/\/secure.gravatar.com\/avatar\/0a03ff834bf273ecc8751080e69f0e8a?s=96&d=mm&r=g","height":96,"width":96}},"publisher":{"@type":"Organization","name":"SD SPORT","logo":{"@type":"ImageObject","@id":"https:\/\/sd-sport.si\/wp-content\/uploads\/2018\/04\/uradnilogo.jpg","url":"https:\/\/sd-sport.si\/wp-content\/uploads\/2018\/04\/uradnilogo.jpg","width":250,"height":50}},"image":{"@type":"ImageObject","@id":"https:\/\/sd-sport.si\/wp-content\/uploads\/2018\/07\/Tilen-Kosi-rokomet-RK-Jeruzalem-Ormo\u017e-NLB-liga-Slovenija-Slovenska-rokometna-reprezentanca-3.jpg","url":"https:\/\/sd-sport.si\/wp-content\/uploads\/2018\/07\/Tilen-Kosi-rokomet-RK-Jeruzalem-Ormo\u017e-NLB-liga-Slovenija-Slovenska-rokometna-reprezentanca-3.jpg","height":960,"width":960},"keywords":["EP v rokometu do 20 let","intervju","naslovna","rokomet","Tilen Kosi"]},{"@type":"NewsArticle","@id":"https:\/\/sd-sport.si\/tilen-kosi-se-vraca-po-hudi-poskodbi-sprednjih-kriznih-vezi\/","headline":"Tilen Kosi se vra\u010da po hudi po\u0161kodbi sprednjih kri\u017enih vezi","url":"https:\/\/sd-sport.si\/tilen-kosi-se-vraca-po-hudi-poskodbi-sprednjih-kriznih-vezi\/","datePublished":"2018-06-15","dateModified":"2018-06-15","mainEntityOfPage":"https:\/\/sd-sport.si\/tilen-kosi-se-vraca-po-hudi-poskodbi-sprednjih-kriznih-vezi\/","author":{"@type":"Person","@id":"https:\/\/sd-sport.si\/author\/dpekec\/#Person","name":"Dominik Peke\u010d","url":"https:\/\/sd-sport.si\/author\/dpekec\/","description":"Glavni urednik rokometnega portala \u0160D \u0160port","image":{"@type":"ImageObject","@id":"https:\/\/secure.gravatar.com\/avatar\/0a03ff834bf273ecc8751080e69f0e8a?s=96&d=mm&r=g","url":"https:\/\/secure.gravatar.com\/avatar\/0a03ff834bf273ecc8751080e69f0e8a?s=96&d=mm&r=g","height":96,"width":96}},"publisher":{"@type":"Organization","name":"SD SPORT","logo":{"@type":"ImageObject","@id":"https:\/\/sd-sport.si\/wp-content\/uploads\/2018\/04\/uradnilogo.jpg","url":"https:\/\/sd-sport.si\/wp-content\/uploads\/2018\/04\/uradnilogo.jpg","width":250,"height":50}},"image":{"@type":"ImageObject","@id":"https:\/\/sd-sport.si\/wp-content\/uploads\/2018\/06\/Tilen-Kosi-rokomet-RK-Jeruzalem-Ormo\u017e-NLB-liga-Slovenija-Slovenska-rokometna-reprezentanca-2.jpg","url":"https:\/\/sd-sport.si\/wp-content\/uploads\/2018\/06\/Tilen-Kosi-rokomet-RK-Jeruzalem-Ormo\u017e-NLB-liga-Slovenija-Slovenska-rokometna-reprezentanca-2.jpg","height":960,"width":959},"keywords":["intervju","naslovna","rokomet","Tilen Kosi"]}]}