{"@context":"https:\/\/schema.org\/","@type":"CollectionPage","@id":"https:\/\/sd-sport.si\/tag\/sportanzo\/#CollectionPage","headline":"Sportanzo Tag","description":"","url":"https:\/\/sd-sport.si\/tag\/sportanzo\/","hasPart":[{"@type":"NewsArticle","@id":"https:\/\/sd-sport.si\/reprezentancni-kapetan-z-lastno-oddajo\/","headline":"Reprezentan\u010dni kapetan z lastno oddajo","url":"https:\/\/sd-sport.si\/reprezentancni-kapetan-z-lastno-oddajo\/","datePublished":"2020-10-30","dateModified":"2020-10-30","mainEntityOfPage":"https:\/\/sd-sport.si\/reprezentancni-kapetan-z-lastno-oddajo\/","author":{"@type":"Person","@id":"https:\/\/sd-sport.si\/author\/dpekec\/#Person","name":"Dominik Peke\u010d","url":"https:\/\/sd-sport.si\/author\/dpekec\/","description":"Glavni urednik rokometnega portala \u0160D \u0160port","image":{"@type":"ImageObject","@id":"https:\/\/secure.gravatar.com\/avatar\/0a03ff834bf273ecc8751080e69f0e8a?s=96&d=mm&r=g","url":"https:\/\/secure.gravatar.com\/avatar\/0a03ff834bf273ecc8751080e69f0e8a?s=96&d=mm&r=g","height":96,"width":96}},"publisher":{"@type":"Organization","name":"SD SPORT","logo":{"@type":"ImageObject","@id":"https:\/\/sd-sport.si\/wp-content\/uploads\/2018\/04\/uradnilogo.jpg","url":"https:\/\/sd-sport.si\/wp-content\/uploads\/2018\/04\/uradnilogo.jpg","width":250,"height":50}},"image":{"@type":"ImageObject","@id":"https:\/\/sd-sport.si\/wp-content\/uploads\/2020\/03\/EP-V-ROKOMETU-2018-EURO-HRVASKA-SLOVENIJA-21-VID-KAVTICNIK.jpg","url":"https:\/\/sd-sport.si\/wp-content\/uploads\/2020\/03\/EP-V-ROKOMETU-2018-EURO-HRVASKA-SLOVENIJA-21-VID-KAVTICNIK.jpg","height":640,"width":960},"keywords":["intervju","naslovna","podcast","Sportanzo","Vid Kavti\u010dnik"]},{"@type":"NewsArticle","@id":"https:\/\/sd-sport.si\/karantena-blaza-janca-z-dvema-kilogramoma-manj\/","headline":"Karantena Bla\u017ea Janca: Z dvema kilogramoma manj","url":"https:\/\/sd-sport.si\/karantena-blaza-janca-z-dvema-kilogramoma-manj\/","datePublished":"2020-04-14","dateModified":"2020-04-14","mainEntityOfPage":"https:\/\/sd-sport.si\/karantena-blaza-janca-z-dvema-kilogramoma-manj\/","author":{"@type":"Person","@id":"https:\/\/sd-sport.si\/author\/dpekec\/#Person","name":"Dominik Peke\u010d","url":"https:\/\/sd-sport.si\/author\/dpekec\/","description":"Glavni urednik rokometnega portala \u0160D \u0160port","image":{"@type":"ImageObject","@id":"https:\/\/secure.gravatar.com\/avatar\/0a03ff834bf273ecc8751080e69f0e8a?s=96&d=mm&r=g","url":"https:\/\/secure.gravatar.com\/avatar\/0a03ff834bf273ecc8751080e69f0e8a?s=96&d=mm&r=g","height":96,"width":96}},"publisher":{"@type":"Organization","name":"SD SPORT","logo":{"@type":"ImageObject","@id":"https:\/\/sd-sport.si\/wp-content\/uploads\/2018\/04\/uradnilogo.jpg","url":"https:\/\/sd-sport.si\/wp-content\/uploads\/2018\/04\/uradnilogo.jpg","width":250,"height":50}},"image":{"@type":"ImageObject","@id":"https:\/\/sd-sport.si\/wp-content\/uploads\/2020\/01\/Slovenija-Poljska-EP-V-ROKOMETU-2020-\u0160vedska-Goteborg-prva-tekma-10.1.2020-13.jpg","url":"https:\/\/sd-sport.si\/wp-content\/uploads\/2020\/01\/Slovenija-Poljska-EP-V-ROKOMETU-2020-\u0160vedska-Goteborg-prva-tekma-10.1.2020-13.jpg","height":640,"width":960},"keywords":["Bla\u017e Janc","intervju","naslovna","\u0160port med 4 stenami","Sportanzo"]},{"@type":"NewsArticle","@id":"https:\/\/sd-sport.si\/v-celje-na-rokometno-simfonijo-prihaja-svetovna-igralska-smetana\/","headline":"V Celje na Rokometno simfonijo prihaja svetovna igralska smetana","url":"https:\/\/sd-sport.si\/v-celje-na-rokometno-simfonijo-prihaja-svetovna-igralska-smetana\/","datePublished":"2019-04-15","dateModified":"2019-04-15","mainEntityOfPage":"https:\/\/sd-sport.si\/v-celje-na-rokometno-simfonijo-prihaja-svetovna-igralska-smetana\/","author":{"@type":"Person","@id":"https:\/\/sd-sport.si\/author\/dpekec\/#Person","name":"Dominik Peke\u010d","url":"https:\/\/sd-sport.si\/author\/dpekec\/","description":"Glavni urednik rokometnega portala \u0160D \u0160port","image":{"@type":"ImageObject","@id":"https:\/\/secure.gravatar.com\/avatar\/0a03ff834bf273ecc8751080e69f0e8a?s=96&d=mm&r=g","url":"https:\/\/secure.gravatar.com\/avatar\/0a03ff834bf273ecc8751080e69f0e8a?s=96&d=mm&r=g","height":96,"width":96}},"publisher":{"@type":"Organization","name":"SD SPORT","logo":{"@type":"ImageObject","@id":"https:\/\/sd-sport.si\/wp-content\/uploads\/2018\/04\/uradnilogo.jpg","url":"https:\/\/sd-sport.si\/wp-content\/uploads\/2018\/04\/uradnilogo.jpg","width":250,"height":50}},"image":{"@type":"ImageObject","@id":"https:\/\/sd-sport.si\/wp-content\/uploads\/2019\/04\/Rokometna-simfonija-Luka-Zvizej-Uros-Zorman-RZS-Sportanzo-Zlatorog-14.4.2019-cVIJIC-gORAN-rOK-pLANKELJ.jpg","url":"https:\/\/sd-sport.si\/wp-content\/uploads\/2019\/04\/Rokometna-simfonija-Luka-Zvizej-Uros-Zorman-RZS-Sportanzo-Zlatorog-14.4.2019-cVIJIC-gORAN-rOK-pLANKELJ.jpg","height":566,"width":960},"keywords":["Luka \u017dvi\u017eej","naslovna","Reprezentan\u010dni rokomet","RK Celje Pivovarna La\u0161ko","Rokometna simfonija 2019","Rokometna zveza Slovenije","Sportanzo","Uro\u0161 Zorman"]},{"@type":"NewsArticle","@id":"https:\/\/sd-sport.si\/zvizej-in-zorman-se-bosta-poslovila-na-rokometni-simfoniji\/","headline":"\u017dvi\u017eej in Zorman se bosta poslovila na Rokometni simfoniji","url":"https:\/\/sd-sport.si\/zvizej-in-zorman-se-bosta-poslovila-na-rokometni-simfoniji\/","datePublished":"2019-04-14","dateModified":"2019-04-14","mainEntityOfPage":"https:\/\/sd-sport.si\/zvizej-in-zorman-se-bosta-poslovila-na-rokometni-simfoniji\/","author":{"@type":"Person","@id":"https:\/\/sd-sport.si\/author\/dpekec\/#Person","name":"Dominik Peke\u010d","url":"https:\/\/sd-sport.si\/author\/dpekec\/","description":"Glavni urednik rokometnega portala \u0160D \u0160port","image":{"@type":"ImageObject","@id":"https:\/\/secure.gravatar.com\/avatar\/0a03ff834bf273ecc8751080e69f0e8a?s=96&d=mm&r=g","url":"https:\/\/secure.gravatar.com\/avatar\/0a03ff834bf273ecc8751080e69f0e8a?s=96&d=mm&r=g","height":96,"width":96}},"publisher":{"@type":"Organization","name":"SD SPORT","logo":{"@type":"ImageObject","@id":"https:\/\/sd-sport.si\/wp-content\/uploads\/2018\/04\/uradnilogo.jpg","url":"https:\/\/sd-sport.si\/wp-content\/uploads\/2018\/04\/uradnilogo.jpg","width":250,"height":50}},"image":{"@type":"ImageObject","@id":"https:\/\/sd-sport.si\/wp-content\/uploads\/2019\/04\/Rokometna-simfonija-Luka-Zvizej-Uros-Zorman-RZS-Sportanzo-Zlatorog-14.4.2019-1.jpg","url":"https:\/\/sd-sport.si\/wp-content\/uploads\/2019\/04\/Rokometna-simfonija-Luka-Zvizej-Uros-Zorman-RZS-Sportanzo-Zlatorog-14.4.2019-1.jpg","height":640,"width":960},"keywords":["Luka \u017dvi\u017eej","naslovna","novinarska konferenca","Reprezentan\u010dni rokomet","RK Celje Pivovarna La\u0161ko","Rokometna simfonija 2019","Rokometna zveza Slovenije","Sportanzo","Uro\u0161 Zorman"]}]}