{"@context":"https:\/\/schema.org\/","@type":"CollectionPage","@id":"https:\/\/sd-sport.si\/tag\/sportaltenis\/#CollectionPage","headline":"Sportal\/Tenis Tag","description":"","url":"https:\/\/sd-sport.si\/tag\/sportaltenis\/","hasPart":[{"@type":"NewsArticle","@id":"https:\/\/sd-sport.si\/v-zivo-kaj-bosta-uspicila-federer-in-dokovic-video\/","headline":"V \u017eivo: Kaj bosta u\u0161pi\u010dila Federer in \u0110okovi\u0107 #video","url":"https:\/\/sd-sport.si\/v-zivo-kaj-bosta-uspicila-federer-in-dokovic-video\/","datePublished":"2017-07-04","dateModified":"2017-07-04","mainEntityOfPage":"https:\/\/sd-sport.si\/v-zivo-kaj-bosta-uspicila-federer-in-dokovic-video\/","author":{"@type":"Person","@id":"https:\/\/sd-sport.si\/author\/sportal\/#Person","name":"Sportal","url":"https:\/\/sd-sport.si\/author\/sportal\/","image":{"@type":"ImageObject","@id":"https:\/\/secure.gravatar.com\/avatar\/6f27ec52a58c11a95df76781c02e37f7?s=96&d=mm&r=g","url":"https:\/\/secure.gravatar.com\/avatar\/6f27ec52a58c11a95df76781c02e37f7?s=96&d=mm&r=g","height":96,"width":96}},"publisher":{"@type":"Organization","name":"SD SPORT","logo":{"@type":"ImageObject","@id":"https:\/\/sd-sport.si\/wp-content\/uploads\/2018\/04\/uradnilogo.jpg","url":"https:\/\/sd-sport.si\/wp-content\/uploads\/2018\/04\/uradnilogo.jpg","width":250,"height":50}},"image":{"@type":"ImageObject","@id":"http:\/\/siol.net\/media\/img\/a5\/49\/b3a772dbb01ea8001b7a.jpeg","url":"http:\/\/siol.net\/media\/img\/a5\/49\/b3a772dbb01ea8001b7a.jpeg","height":"","width":""},"keywords":["Sportal\/Tenis"]},{"@type":"NewsArticle","@id":"https:\/\/sd-sport.si\/zakaj-so-teniski-igralci-in-igralke-v-wimbledonu-obleceni-v-belo\/","headline":"Zakaj so teni\u0161ki igralci in igralke v Wimbledonu oble\u010deni v belo?","url":"https:\/\/sd-sport.si\/zakaj-so-teniski-igralci-in-igralke-v-wimbledonu-obleceni-v-belo\/","datePublished":"2017-07-03","dateModified":"2017-07-03","mainEntityOfPage":"https:\/\/sd-sport.si\/zakaj-so-teniski-igralci-in-igralke-v-wimbledonu-obleceni-v-belo\/","author":{"@type":"Person","@id":"https:\/\/sd-sport.si\/author\/sportal\/#Person","name":"Sportal","url":"https:\/\/sd-sport.si\/author\/sportal\/","image":{"@type":"ImageObject","@id":"https:\/\/secure.gravatar.com\/avatar\/6f27ec52a58c11a95df76781c02e37f7?s=96&d=mm&r=g","url":"https:\/\/secure.gravatar.com\/avatar\/6f27ec52a58c11a95df76781c02e37f7?s=96&d=mm&r=g","height":96,"width":96}},"publisher":{"@type":"Organization","name":"SD SPORT","logo":{"@type":"ImageObject","@id":"https:\/\/sd-sport.si\/wp-content\/uploads\/2018\/04\/uradnilogo.jpg","url":"https:\/\/sd-sport.si\/wp-content\/uploads\/2018\/04\/uradnilogo.jpg","width":250,"height":50}},"image":{"@type":"ImageObject","@id":"http:\/\/siol.net\/media\/img\/ee\/a9\/2444e128bba10155486f.jpeg","url":"http:\/\/siol.net\/media\/img\/ee\/a9\/2444e128bba10155486f.jpeg","height":"","width":""},"keywords":["Sportal\/Tenis"]}]}