{"@context":"https:\/\/schema.org\/","@type":"CollectionPage","@id":"https:\/\/sd-sport.si\/tag\/solden\/#CollectionPage","headline":"S\u00f6lden Tag","description":"","url":"https:\/\/sd-sport.si\/tag\/solden\/","hasPart":[{"@type":"NewsArticle","@id":"https:\/\/sd-sport.si\/moski-veleslalom-odpovedan-v-soldnu\/","headline":"Mo\u0161ki veleslalom odpovedan v S\u00f6ldnu","url":"https:\/\/sd-sport.si\/moski-veleslalom-odpovedan-v-soldnu\/","datePublished":"2017-10-29","dateModified":"2017-10-29","mainEntityOfPage":"https:\/\/sd-sport.si\/moski-veleslalom-odpovedan-v-soldnu\/","author":{"@type":"Person","@id":"https:\/\/sd-sport.si\/author\/sta\/#Person","name":"STA STA","url":"https:\/\/sd-sport.si\/author\/sta\/","image":{"@type":"ImageObject","@id":"https:\/\/secure.gravatar.com\/avatar\/5bce5a80579b2ae75bad8c88d7686652?s=96&d=mm&r=g","url":"https:\/\/secure.gravatar.com\/avatar\/5bce5a80579b2ae75bad8c88d7686652?s=96&d=mm&r=g","height":96,"width":96}},"publisher":{"@type":"Organization","name":"SD SPORT","logo":{"@type":"ImageObject","@id":"https:\/\/sd-sport.si\/wp-content\/uploads\/2018\/04\/uradnilogo.jpg","url":"https:\/\/sd-sport.si\/wp-content\/uploads\/2018\/04\/uradnilogo.jpg","width":250,"height":50}},"image":null,"keywords":["Alpsko smu\u010danje","naslovna","S\u00f6lden","Svetovni pokal v smu\u010danju za mo\u0161ke"]}]}