{"@context":"https:\/\/schema.org\/","@type":"CollectionPage","@id":"https:\/\/sd-sport.si\/tag\/snezana-rodic\/#CollectionPage","headline":"Sne\u017eana Rodi\u010d Tag","description":"","url":"https:\/\/sd-sport.si\/tag\/snezana-rodic\/","hasPart":[{"@type":"NewsArticle","@id":"https:\/\/sd-sport.si\/tamsetova-izbranka-odslej-pri-gorenju-velenju\/","headline":"Tam\u0161etova izbranka odslej pri Gorenju Velenju","url":"https:\/\/sd-sport.si\/tamsetova-izbranka-odslej-pri-gorenju-velenju\/","datePublished":"2019-07-17","dateModified":"2019-07-17","mainEntityOfPage":"https:\/\/sd-sport.si\/tamsetova-izbranka-odslej-pri-gorenju-velenju\/","author":{"@type":"Person","@id":"https:\/\/sd-sport.si\/author\/dpekec\/#Person","name":"Dominik Peke\u010d","url":"https:\/\/sd-sport.si\/author\/dpekec\/","description":"Glavni urednik rokometnega portala \u0160D \u0160port","image":{"@type":"ImageObject","@id":"https:\/\/secure.gravatar.com\/avatar\/0a03ff834bf273ecc8751080e69f0e8a?s=96&d=mm&r=g","url":"https:\/\/secure.gravatar.com\/avatar\/0a03ff834bf273ecc8751080e69f0e8a?s=96&d=mm&r=g","height":96,"width":96}},"publisher":{"@type":"Organization","name":"SD SPORT","logo":{"@type":"ImageObject","@id":"https:\/\/sd-sport.si\/wp-content\/uploads\/2018\/04\/uradnilogo.jpg","url":"https:\/\/sd-sport.si\/wp-content\/uploads\/2018\/04\/uradnilogo.jpg","width":250,"height":50}},"image":{"@type":"ImageObject","@id":"https:\/\/sd-sport.si\/wp-content\/uploads\/2019\/07\/Snezana-Rodic-RK-Gorenje-Velenje.jpg","url":"https:\/\/sd-sport.si\/wp-content\/uploads\/2019\/07\/Snezana-Rodic-RK-Gorenje-Velenje.jpg","height":540,"width":960},"keywords":["Mlaj\u0161e kategorije","naslovna","Prestop","RK Gorenje Velenje","Sne\u017eana Rodi\u010d"]},{"@type":"NewsArticle","@id":"https:\/\/sd-sport.si\/partnerju-branku-letos-ni-uspelo-zdaj-bo-vtis-popravila-ona\/","headline":"Partnerju Branku letos ni uspelo, zdaj bo vtis popravila ona","url":"https:\/\/sd-sport.si\/partnerju-branku-letos-ni-uspelo-zdaj-bo-vtis-popravila-ona\/","datePublished":"2019-03-30","dateModified":"2019-03-30","mainEntityOfPage":"https:\/\/sd-sport.si\/partnerju-branku-letos-ni-uspelo-zdaj-bo-vtis-popravila-ona\/","author":{"@type":"Person","@id":"https:\/\/sd-sport.si\/author\/dpekec\/#Person","name":"Dominik Peke\u010d","url":"https:\/\/sd-sport.si\/author\/dpekec\/","description":"Glavni urednik rokometnega portala \u0160D \u0160port","image":{"@type":"ImageObject","@id":"https:\/\/secure.gravatar.com\/avatar\/0a03ff834bf273ecc8751080e69f0e8a?s=96&d=mm&r=g","url":"https:\/\/secure.gravatar.com\/avatar\/0a03ff834bf273ecc8751080e69f0e8a?s=96&d=mm&r=g","height":96,"width":96}},"publisher":{"@type":"Organization","name":"SD SPORT","logo":{"@type":"ImageObject","@id":"https:\/\/sd-sport.si\/wp-content\/uploads\/2018\/04\/uradnilogo.jpg","url":"https:\/\/sd-sport.si\/wp-content\/uploads\/2018\/04\/uradnilogo.jpg","width":250,"height":50}},"image":{"@type":"ImageObject","@id":"https:\/\/sd-sport.si\/wp-content\/uploads\/2019\/03\/55627748_243293919821881_4091402076851011584_n.jpg","url":"https:\/\/sd-sport.si\/wp-content\/uploads\/2019\/03\/55627748_243293919821881_4091402076851011584_n.jpg","height":1000,"width":1500},"keywords":["F4 pokala Slovenije","naslovna","Sne\u017eana Rodi\u010d","\u017denski rokomet","\u017dRK Velenje"]}]}