{"@context":"https:\/\/schema.org\/","@type":"CollectionPage","@id":"https:\/\/sd-sport.si\/tag\/sd-skofljica\/#CollectionPage","headline":"\u0160D \u0160kofljica Tag","description":"","url":"https:\/\/sd-sport.si\/tag\/sd-skofljica\/","hasPart":[{"@type":"NewsArticle","@id":"https:\/\/sd-sport.si\/tim-topolovec-se-vraca-na-kodeljevo\/","headline":"Tim Topolovec se vra\u010da na Kodeljevo","url":"https:\/\/sd-sport.si\/tim-topolovec-se-vraca-na-kodeljevo\/","datePublished":"2019-06-05","dateModified":"2019-06-05","mainEntityOfPage":"https:\/\/sd-sport.si\/tim-topolovec-se-vraca-na-kodeljevo\/","author":{"@type":"Person","@id":"https:\/\/sd-sport.si\/author\/dpekec\/#Person","name":"Dominik Peke\u010d","url":"https:\/\/sd-sport.si\/author\/dpekec\/","description":"Glavni urednik rokometnega portala \u0160D \u0160port","image":{"@type":"ImageObject","@id":"https:\/\/secure.gravatar.com\/avatar\/0a03ff834bf273ecc8751080e69f0e8a?s=96&d=mm&r=g","url":"https:\/\/secure.gravatar.com\/avatar\/0a03ff834bf273ecc8751080e69f0e8a?s=96&d=mm&r=g","height":96,"width":96}},"publisher":{"@type":"Organization","name":"SD SPORT","logo":{"@type":"ImageObject","@id":"https:\/\/sd-sport.si\/wp-content\/uploads\/2018\/04\/uradnilogo.jpg","url":"https:\/\/sd-sport.si\/wp-content\/uploads\/2018\/04\/uradnilogo.jpg","width":250,"height":50}},"image":{"@type":"ImageObject","@id":"https:\/\/sd-sport.si\/wp-content\/uploads\/2018\/10\/Tim-Topolovec-RD-LL-Grosist-Slovan-SD-Skofljica-Pekarna-Pecjak-Celje-1.-B-DRL.jpg","url":"https:\/\/sd-sport.si\/wp-content\/uploads\/2018\/10\/Tim-Topolovec-RD-LL-Grosist-Slovan-SD-Skofljica-Pekarna-Pecjak-Celje-1.-B-DRL.jpg","height":640,"width":960},"keywords":["1. B DRL","naslovna","Prestop","RD LL Grosist Slovan","\u0160D \u0160kofljica"]},{"@type":"NewsArticle","@id":"https:\/\/sd-sport.si\/nejc-demsar-se-vraca-na-skofljico\/","headline":"Nejc Dem\u0161ar se vra\u010da na \u0160kofljico","url":"https:\/\/sd-sport.si\/nejc-demsar-se-vraca-na-skofljico\/","datePublished":"2019-02-25","dateModified":"2019-02-25","mainEntityOfPage":"https:\/\/sd-sport.si\/nejc-demsar-se-vraca-na-skofljico\/","author":{"@type":"Person","@id":"https:\/\/sd-sport.si\/author\/dpekec\/#Person","name":"Dominik Peke\u010d","url":"https:\/\/sd-sport.si\/author\/dpekec\/","description":"Glavni urednik rokometnega portala \u0160D \u0160port","image":{"@type":"ImageObject","@id":"https:\/\/secure.gravatar.com\/avatar\/0a03ff834bf273ecc8751080e69f0e8a?s=96&d=mm&r=g","url":"https:\/\/secure.gravatar.com\/avatar\/0a03ff834bf273ecc8751080e69f0e8a?s=96&d=mm&r=g","height":96,"width":96}},"publisher":{"@type":"Organization","name":"SD SPORT","logo":{"@type":"ImageObject","@id":"https:\/\/sd-sport.si\/wp-content\/uploads\/2018\/04\/uradnilogo.jpg","url":"https:\/\/sd-sport.si\/wp-content\/uploads\/2018\/04\/uradnilogo.jpg","width":250,"height":50}},"image":{"@type":"ImageObject","@id":"https:\/\/sd-sport.si\/wp-content\/uploads\/2018\/08\/Nejc-Dem\u0161ar-Celovec-avstrija-\u0160kofljica-celovec.jpg","url":"https:\/\/sd-sport.si\/wp-content\/uploads\/2018\/08\/Nejc-Dem\u0161ar-Celovec-avstrija-\u0160kofljica-celovec.jpg","height":480,"width":720},"keywords":["1. B DRL","naslovna","Nejc Dem\u0161ar","Prestop","\u0160D \u0160kofljica"]},{"@type":"NewsArticle","@id":"https:\/\/sd-sport.si\/slovenjgradcani-v-koncnici-visoko-ugnali-skofljico\/","headline":"Slovenjgrad\u010dani v kon\u010dnici visoko ugnali \u0160kofljico","url":"https:\/\/sd-sport.si\/slovenjgradcani-v-koncnici-visoko-ugnali-skofljico\/","datePublished":"2018-10-27","dateModified":"2018-10-27","mainEntityOfPage":"https:\/\/sd-sport.si\/slovenjgradcani-v-koncnici-visoko-ugnali-skofljico\/","author":{"@type":"Person","@id":"https:\/\/sd-sport.si\/author\/dpekec\/#Person","name":"Dominik Peke\u010d","url":"https:\/\/sd-sport.si\/author\/dpekec\/","description":"Glavni urednik rokometnega portala \u0160D \u0160port","image":{"@type":"ImageObject","@id":"https:\/\/secure.gravatar.com\/avatar\/0a03ff834bf273ecc8751080e69f0e8a?s=96&d=mm&r=g","url":"https:\/\/secure.gravatar.com\/avatar\/0a03ff834bf273ecc8751080e69f0e8a?s=96&d=mm&r=g","height":96,"width":96}},"publisher":{"@type":"Organization","name":"SD SPORT","logo":{"@type":"ImageObject","@id":"https:\/\/sd-sport.si\/wp-content\/uploads\/2018\/04\/uradnilogo.jpg","url":"https:\/\/sd-sport.si\/wp-content\/uploads\/2018\/04\/uradnilogo.jpg","width":250,"height":50}},"image":{"@type":"ImageObject","@id":"https:\/\/sd-sport.si\/wp-content\/uploads\/2018\/10\/RK-Slovenj-Gradec-2011-1.-B-DRL-ekipa2.jpg","url":"https:\/\/sd-sport.si\/wp-content\/uploads\/2018\/10\/RK-Slovenj-Gradec-2011-1.-B-DRL-ekipa2.jpg","height":640,"width":960},"keywords":["1. B DRL","naslovna","RK Slovenj Gradec 2011","\u0160D \u0160kofljica"]},{"@type":"NewsArticle","@id":"https:\/\/sd-sport.si\/derbi-na-skofljici-pripadel-ptujski-dravi\/","headline":"Derbi na \u0160kofljici pripadel ptujski Dravi","url":"https:\/\/sd-sport.si\/derbi-na-skofljici-pripadel-ptujski-dravi\/","datePublished":"2018-10-14","dateModified":"2018-10-14","mainEntityOfPage":"https:\/\/sd-sport.si\/derbi-na-skofljici-pripadel-ptujski-dravi\/","author":{"@type":"Person","@id":"https:\/\/sd-sport.si\/author\/dpekec\/#Person","name":"Dominik Peke\u010d","url":"https:\/\/sd-sport.si\/author\/dpekec\/","description":"Glavni urednik rokometnega portala \u0160D \u0160port","image":{"@type":"ImageObject","@id":"https:\/\/secure.gravatar.com\/avatar\/0a03ff834bf273ecc8751080e69f0e8a?s=96&d=mm&r=g","url":"https:\/\/secure.gravatar.com\/avatar\/0a03ff834bf273ecc8751080e69f0e8a?s=96&d=mm&r=g","height":96,"width":96}},"publisher":{"@type":"Organization","name":"SD SPORT","logo":{"@type":"ImageObject","@id":"https:\/\/sd-sport.si\/wp-content\/uploads\/2018\/04\/uradnilogo.jpg","url":"https:\/\/sd-sport.si\/wp-content\/uploads\/2018\/04\/uradnilogo.jpg","width":250,"height":50}},"image":{"@type":"ImageObject","@id":"https:\/\/sd-sport.si\/wp-content\/uploads\/2018\/10\/SD-Skofljica-1.-B-DRL-ekipa1.jpg","url":"https:\/\/sd-sport.si\/wp-content\/uploads\/2018\/10\/SD-Skofljica-1.-B-DRL-ekipa1.jpg","height":640,"width":960},"keywords":["1. B DRL","naslovna","RK Drava Ptuj","\u0160D \u0160kofljica"]},{"@type":"NewsArticle","@id":"https:\/\/sd-sport.si\/derbi-na-kodeljevem-pripadel-grosist-slovanu\/","headline":"Derbi na Kodeljevem pripadel Grosist Slovanu","url":"https:\/\/sd-sport.si\/derbi-na-kodeljevem-pripadel-grosist-slovanu\/","datePublished":"2018-10-05","dateModified":"2018-10-05","mainEntityOfPage":"https:\/\/sd-sport.si\/derbi-na-kodeljevem-pripadel-grosist-slovanu\/","author":{"@type":"Person","@id":"https:\/\/sd-sport.si\/author\/dpekec\/#Person","name":"Dominik Peke\u010d","url":"https:\/\/sd-sport.si\/author\/dpekec\/","description":"Glavni urednik rokometnega portala \u0160D \u0160port","image":{"@type":"ImageObject","@id":"https:\/\/secure.gravatar.com\/avatar\/0a03ff834bf273ecc8751080e69f0e8a?s=96&d=mm&r=g","url":"https:\/\/secure.gravatar.com\/avatar\/0a03ff834bf273ecc8751080e69f0e8a?s=96&d=mm&r=g","height":96,"width":96}},"publisher":{"@type":"Organization","name":"SD SPORT","logo":{"@type":"ImageObject","@id":"https:\/\/sd-sport.si\/wp-content\/uploads\/2018\/04\/uradnilogo.jpg","url":"https:\/\/sd-sport.si\/wp-content\/uploads\/2018\/04\/uradnilogo.jpg","width":250,"height":50}},"image":{"@type":"ImageObject","@id":"https:\/\/sd-sport.si\/wp-content\/uploads\/2018\/10\/43180790_274510096522215_138156831485722624_n.jpg","url":"https:\/\/sd-sport.si\/wp-content\/uploads\/2018\/10\/43180790_274510096522215_138156831485722624_n.jpg","height":1488,"width":1984},"keywords":["1. B DRL","derbi","naslovna","RD LL Grosist Slovan","\u0160D \u0160kofljica"]},{"@type":"NewsArticle","@id":"https:\/\/sd-sport.si\/danes-na-kodeljevem-derbi-med-slovanom-in-skofljico\/","headline":"Danes na Kodeljevem derbi med Slovanom in \u0160kofljico","url":"https:\/\/sd-sport.si\/danes-na-kodeljevem-derbi-med-slovanom-in-skofljico\/","datePublished":"2018-10-05","dateModified":"2018-10-05","mainEntityOfPage":"https:\/\/sd-sport.si\/danes-na-kodeljevem-derbi-med-slovanom-in-skofljico\/","author":{"@type":"Person","@id":"https:\/\/sd-sport.si\/author\/dpekec\/#Person","name":"Dominik Peke\u010d","url":"https:\/\/sd-sport.si\/author\/dpekec\/","description":"Glavni urednik rokometnega portala \u0160D \u0160port","image":{"@type":"ImageObject","@id":"https:\/\/secure.gravatar.com\/avatar\/0a03ff834bf273ecc8751080e69f0e8a?s=96&d=mm&r=g","url":"https:\/\/secure.gravatar.com\/avatar\/0a03ff834bf273ecc8751080e69f0e8a?s=96&d=mm&r=g","height":96,"width":96}},"publisher":{"@type":"Organization","name":"SD SPORT","logo":{"@type":"ImageObject","@id":"https:\/\/sd-sport.si\/wp-content\/uploads\/2018\/04\/uradnilogo.jpg","url":"https:\/\/sd-sport.si\/wp-content\/uploads\/2018\/04\/uradnilogo.jpg","width":250,"height":50}},"image":{"@type":"ImageObject","@id":"https:\/\/sd-sport.si\/wp-content\/uploads\/2018\/10\/42930631_2125499437469696_3976562691534749696_n.jpg","url":"https:\/\/sd-sport.si\/wp-content\/uploads\/2018\/10\/42930631_2125499437469696_3976562691534749696_n.jpg","height":312,"width":820},"keywords":["1. B DRL","derbi","naslovna","RD LL Grosist Slovan","\u0160D \u0160kofljica"]},{"@type":"NewsArticle","@id":"https:\/\/sd-sport.si\/skofljica-pred-domaco-publiko-do-prvem-zmage-v-novi-sezoni\/","headline":"\u0160kofljica pred doma\u010do publiko do prvem zmage v novi sezoni","url":"https:\/\/sd-sport.si\/skofljica-pred-domaco-publiko-do-prvem-zmage-v-novi-sezoni\/","datePublished":"2018-09-21","dateModified":"2018-09-21","mainEntityOfPage":"https:\/\/sd-sport.si\/skofljica-pred-domaco-publiko-do-prvem-zmage-v-novi-sezoni\/","author":{"@type":"Person","@id":"https:\/\/sd-sport.si\/author\/dpekec\/#Person","name":"Dominik Peke\u010d","url":"https:\/\/sd-sport.si\/author\/dpekec\/","description":"Glavni urednik rokometnega portala \u0160D \u0160port","image":{"@type":"ImageObject","@id":"https:\/\/secure.gravatar.com\/avatar\/0a03ff834bf273ecc8751080e69f0e8a?s=96&d=mm&r=g","url":"https:\/\/secure.gravatar.com\/avatar\/0a03ff834bf273ecc8751080e69f0e8a?s=96&d=mm&r=g","height":96,"width":96}},"publisher":{"@type":"Organization","name":"SD SPORT","logo":{"@type":"ImageObject","@id":"https:\/\/sd-sport.si\/wp-content\/uploads\/2018\/04\/uradnilogo.jpg","url":"https:\/\/sd-sport.si\/wp-content\/uploads\/2018\/04\/uradnilogo.jpg","width":250,"height":50}},"image":{"@type":"ImageObject","@id":"https:\/\/sd-sport.si\/wp-content\/uploads\/2018\/09\/zmaga-proti-pomurju-domaca-tekma.jpg","url":"https:\/\/sd-sport.si\/wp-content\/uploads\/2018\/09\/zmaga-proti-pomurju-domaca-tekma.jpg","height":385,"width":640},"keywords":["1. B DRL","naslovna","\u0160D \u0160kofljica"]},{"@type":"NewsArticle","@id":"https:\/\/sd-sport.si\/ljubljancani-tesno-slavili-proti-krskemu-skofljica-klonila-v-izoli\/","headline":"Ljubljan\u010dani tesno slavili proti Kr\u0161kemu, \u0160kofljica klonila v Izoli","url":"https:\/\/sd-sport.si\/ljubljancani-tesno-slavili-proti-krskemu-skofljica-klonila-v-izoli\/","datePublished":"2018-09-16","dateModified":"2018-09-16","mainEntityOfPage":"https:\/\/sd-sport.si\/ljubljancani-tesno-slavili-proti-krskemu-skofljica-klonila-v-izoli\/","author":{"@type":"Person","@id":"https:\/\/sd-sport.si\/author\/dpekec\/#Person","name":"Dominik Peke\u010d","url":"https:\/\/sd-sport.si\/author\/dpekec\/","description":"Glavni urednik rokometnega portala \u0160D \u0160port","image":{"@type":"ImageObject","@id":"https:\/\/secure.gravatar.com\/avatar\/0a03ff834bf273ecc8751080e69f0e8a?s=96&d=mm&r=g","url":"https:\/\/secure.gravatar.com\/avatar\/0a03ff834bf273ecc8751080e69f0e8a?s=96&d=mm&r=g","height":96,"width":96}},"publisher":{"@type":"Organization","name":"SD SPORT","logo":{"@type":"ImageObject","@id":"https:\/\/sd-sport.si\/wp-content\/uploads\/2018\/04\/uradnilogo.jpg","url":"https:\/\/sd-sport.si\/wp-content\/uploads\/2018\/04\/uradnilogo.jpg","width":250,"height":50}},"image":{"@type":"ImageObject","@id":"https:\/\/sd-sport.si\/wp-content\/uploads\/2018\/03\/18814905_2154979997852004_2101300914223464579_o.jpg","url":"https:\/\/sd-sport.si\/wp-content\/uploads\/2018\/03\/18814905_2154979997852004_2101300914223464579_o.jpg","height":1296,"width":1944},"keywords":["1. B DRL","naslovna","RD Butan Plin Izola","RD LL Grosist Slovan","RK Kr\u0161ko","\u0160D \u0160kofljica"]},{"@type":"NewsArticle","@id":"https:\/\/sd-sport.si\/skofljica-brez-vecjih-rezultatskih-ambicij-zacenja-novo-poglavje\/","headline":"\u0160kofljica brez ve\u010djih rezultatskih ambicij za\u010denja novo poglavje","url":"https:\/\/sd-sport.si\/skofljica-brez-vecjih-rezultatskih-ambicij-zacenja-novo-poglavje\/","datePublished":"2018-09-11","dateModified":"2018-09-11","mainEntityOfPage":"https:\/\/sd-sport.si\/skofljica-brez-vecjih-rezultatskih-ambicij-zacenja-novo-poglavje\/","author":{"@type":"Person","@id":"https:\/\/sd-sport.si\/author\/dpekec\/#Person","name":"Dominik Peke\u010d","url":"https:\/\/sd-sport.si\/author\/dpekec\/","description":"Glavni urednik rokometnega portala \u0160D \u0160port","image":{"@type":"ImageObject","@id":"https:\/\/secure.gravatar.com\/avatar\/0a03ff834bf273ecc8751080e69f0e8a?s=96&d=mm&r=g","url":"https:\/\/secure.gravatar.com\/avatar\/0a03ff834bf273ecc8751080e69f0e8a?s=96&d=mm&r=g","height":96,"width":96}},"publisher":{"@type":"Organization","name":"SD SPORT","logo":{"@type":"ImageObject","@id":"https:\/\/sd-sport.si\/wp-content\/uploads\/2018\/04\/uradnilogo.jpg","url":"https:\/\/sd-sport.si\/wp-content\/uploads\/2018\/04\/uradnilogo.jpg","width":250,"height":50}},"image":{"@type":"ImageObject","@id":"https:\/\/sd-sport.si\/wp-content\/uploads\/2018\/04\/23825961_1909293572432268_1996160171182820152_o.jpg","url":"https:\/\/sd-sport.si\/wp-content\/uploads\/2018\/04\/23825961_1909293572432268_1996160171182820152_o.jpg","height":768,"width":1152},"keywords":["1. B DRL","naslovna","\u0160D \u0160kofljica"]}]}