{"@context":"https:\/\/schema.org\/","@type":"CollectionPage","@id":"https:\/\/sd-sport.si\/tag\/rostov-don\/#CollectionPage","headline":"Rostov-Don Tag","description":"","url":"https:\/\/sd-sport.si\/tag\/rostov-don\/","hasPart":[{"@type":"NewsArticle","@id":"https:\/\/sd-sport.si\/maja-svetik-popeljala-tigrice-do-tocke-v-rusiji\/","headline":"Maja Svetik popeljala Tigrice do to\u010dke v Rusiji!","url":"https:\/\/sd-sport.si\/maja-svetik-popeljala-tigrice-do-tocke-v-rusiji\/","datePublished":"2020-09-19","dateModified":"2020-09-19","mainEntityOfPage":"https:\/\/sd-sport.si\/maja-svetik-popeljala-tigrice-do-tocke-v-rusiji\/","author":{"@type":"Person","@id":"https:\/\/sd-sport.si\/author\/dpekec\/#Person","name":"Dominik Peke\u010d","url":"https:\/\/sd-sport.si\/author\/dpekec\/","description":"Glavni urednik rokometnega portala \u0160D \u0160port","image":{"@type":"ImageObject","@id":"https:\/\/secure.gravatar.com\/avatar\/0a03ff834bf273ecc8751080e69f0e8a?s=96&d=mm&r=g","url":"https:\/\/secure.gravatar.com\/avatar\/0a03ff834bf273ecc8751080e69f0e8a?s=96&d=mm&r=g","height":96,"width":96}},"publisher":{"@type":"Organization","name":"SD SPORT","logo":{"@type":"ImageObject","@id":"https:\/\/sd-sport.si\/wp-content\/uploads\/2018\/04\/uradnilogo.jpg","url":"https:\/\/sd-sport.si\/wp-content\/uploads\/2018\/04\/uradnilogo.jpg","width":250,"height":50}},"image":{"@type":"ImageObject","@id":"https:\/\/sd-sport.si\/wp-content\/uploads\/2020\/09\/RK-Krim-Mercator-Vipers-Kristiansand-DELO-EHF-LIGA-PRVAKINJ-12.9.2020-Harma-van-Kreij1.jpg","url":"https:\/\/sd-sport.si\/wp-content\/uploads\/2020\/09\/RK-Krim-Mercator-Vipers-Kristiansand-DELO-EHF-LIGA-PRVAKINJ-12.9.2020-Harma-van-Kreij1.jpg","height":1068,"width":1600},"keywords":["EHF Liga prvakinj","Maja Svetik","naslovna","RK Krim Mercator","Rostov-Don","\u017denski rokomet"]},{"@type":"NewsArticle","@id":"https:\/\/sd-sport.si\/na-sporedu-tezko-gostovanje-v-rusiji\/","headline":"Na sporedu te\u017eko gostovanje v Rusiji","url":"https:\/\/sd-sport.si\/na-sporedu-tezko-gostovanje-v-rusiji\/","datePublished":"2020-09-17","dateModified":"2020-09-17","mainEntityOfPage":"https:\/\/sd-sport.si\/na-sporedu-tezko-gostovanje-v-rusiji\/","author":{"@type":"Person","@id":"https:\/\/sd-sport.si\/author\/dpekec\/#Person","name":"Dominik Peke\u010d","url":"https:\/\/sd-sport.si\/author\/dpekec\/","description":"Glavni urednik rokometnega portala \u0160D \u0160port","image":{"@type":"ImageObject","@id":"https:\/\/secure.gravatar.com\/avatar\/0a03ff834bf273ecc8751080e69f0e8a?s=96&d=mm&r=g","url":"https:\/\/secure.gravatar.com\/avatar\/0a03ff834bf273ecc8751080e69f0e8a?s=96&d=mm&r=g","height":96,"width":96}},"publisher":{"@type":"Organization","name":"SD SPORT","logo":{"@type":"ImageObject","@id":"https:\/\/sd-sport.si\/wp-content\/uploads\/2018\/04\/uradnilogo.jpg","url":"https:\/\/sd-sport.si\/wp-content\/uploads\/2018\/04\/uradnilogo.jpg","width":250,"height":50}},"image":{"@type":"ImageObject","@id":"https:\/\/sd-sport.si\/wp-content\/uploads\/2020\/09\/RK-Krim-Mercator-Vipers-Kristiansand-DELO-EHF-LIGA-PRVAKINJ-12.9.2020-.jpg","url":"https:\/\/sd-sport.si\/wp-content\/uploads\/2020\/09\/RK-Krim-Mercator-Vipers-Kristiansand-DELO-EHF-LIGA-PRVAKINJ-12.9.2020-.jpg","height":1068,"width":1600},"keywords":["EHF Liga prvakinj","naslovna","RK Krim Mercator","Rostov-Don","\u017denski rokomet"]},{"@type":"NewsArticle","@id":"https:\/\/sd-sport.si\/f4-ehf-lige-prvakinj-brez-slovenk\/","headline":"F4 EHF Lige prvakinj brez Slovenk","url":"https:\/\/sd-sport.si\/f4-ehf-lige-prvakinj-brez-slovenk\/","datePublished":"2019-04-17","dateModified":"2019-04-17","mainEntityOfPage":"https:\/\/sd-sport.si\/f4-ehf-lige-prvakinj-brez-slovenk\/","author":{"@type":"Person","@id":"https:\/\/sd-sport.si\/author\/dpekec\/#Person","name":"Dominik Peke\u010d","url":"https:\/\/sd-sport.si\/author\/dpekec\/","description":"Glavni urednik rokometnega portala \u0160D \u0160port","image":{"@type":"ImageObject","@id":"https:\/\/secure.gravatar.com\/avatar\/0a03ff834bf273ecc8751080e69f0e8a?s=96&d=mm&r=g","url":"https:\/\/secure.gravatar.com\/avatar\/0a03ff834bf273ecc8751080e69f0e8a?s=96&d=mm&r=g","height":96,"width":96}},"publisher":{"@type":"Organization","name":"SD SPORT","logo":{"@type":"ImageObject","@id":"https:\/\/sd-sport.si\/wp-content\/uploads\/2018\/04\/uradnilogo.jpg","url":"https:\/\/sd-sport.si\/wp-content\/uploads\/2018\/04\/uradnilogo.jpg","width":250,"height":50}},"image":{"@type":"ImageObject","@id":"https:\/\/sd-sport.si\/wp-content\/uploads\/2019\/01\/RK-Krim-Mercator-Vipers-Kristianstad-EHF-Liga-prvakinj-zenske-26.1.2019-10.jpg","url":"https:\/\/sd-sport.si\/wp-content\/uploads\/2019\/01\/RK-Krim-Mercator-Vipers-Kristianstad-EHF-Liga-prvakinj-zenske-26.1.2019-10.jpg","height":640,"width":960},"keywords":["AUDI ETO KC Gyor","F4 EHF Lige prvakinj","Metz Handball","naslovna","Rostov-Don","Vipers Kristiansand","\u017denski rokomet"]},{"@type":"NewsArticle","@id":"https:\/\/sd-sport.si\/ruska-zvezdnica-zaradi-poskodbe-roke-koncala-sezono\/","headline":"Ruska zvezdnica zaradi po\u0161kodbe roke kon\u010dala sezono","url":"https:\/\/sd-sport.si\/ruska-zvezdnica-zaradi-poskodbe-roke-koncala-sezono\/","datePublished":"2019-02-18","dateModified":"2019-02-18","mainEntityOfPage":"https:\/\/sd-sport.si\/ruska-zvezdnica-zaradi-poskodbe-roke-koncala-sezono\/","author":{"@type":"Person","@id":"https:\/\/sd-sport.si\/author\/dpekec\/#Person","name":"Dominik Peke\u010d","url":"https:\/\/sd-sport.si\/author\/dpekec\/","description":"Glavni urednik rokometnega portala \u0160D \u0160port","image":{"@type":"ImageObject","@id":"https:\/\/secure.gravatar.com\/avatar\/0a03ff834bf273ecc8751080e69f0e8a?s=96&d=mm&r=g","url":"https:\/\/secure.gravatar.com\/avatar\/0a03ff834bf273ecc8751080e69f0e8a?s=96&d=mm&r=g","height":96,"width":96}},"publisher":{"@type":"Organization","name":"SD SPORT","logo":{"@type":"ImageObject","@id":"https:\/\/sd-sport.si\/wp-content\/uploads\/2018\/04\/uradnilogo.jpg","url":"https:\/\/sd-sport.si\/wp-content\/uploads\/2018\/04\/uradnilogo.jpg","width":250,"height":50}},"image":{"@type":"ImageObject","@id":"https:\/\/sd-sport.si\/wp-content\/uploads\/2019\/02\/Ana-Vjahireva-poskodba-operacija-rusija-rostov-don.jpg","url":"https:\/\/sd-sport.si\/wp-content\/uploads\/2019\/02\/Ana-Vjahireva-poskodba-operacija-rusija-rostov-don.jpg","height":540,"width":960},"keywords":["Ana Vjahireva","naslovna","Po\u0161kodba roke","Rostov-Don","\u017denski rokomet"]},{"@type":"NewsArticle","@id":"https:\/\/sd-sport.si\/katarina-bulatovic-ni-vec-clanica-ruskega-rostov-dona\/","headline":"Katarina Bulatovi\u0107 ni ve\u010d \u010dlanica ruskega Rostov \u2013 Dona","url":"https:\/\/sd-sport.si\/katarina-bulatovic-ni-vec-clanica-ruskega-rostov-dona\/","datePublished":"2018-07-24","dateModified":"2018-07-24","mainEntityOfPage":"https:\/\/sd-sport.si\/katarina-bulatovic-ni-vec-clanica-ruskega-rostov-dona\/","author":{"@type":"Person","@id":"https:\/\/sd-sport.si\/author\/dpekec\/#Person","name":"Dominik Peke\u010d","url":"https:\/\/sd-sport.si\/author\/dpekec\/","description":"Glavni urednik rokometnega portala \u0160D \u0160port","image":{"@type":"ImageObject","@id":"https:\/\/secure.gravatar.com\/avatar\/0a03ff834bf273ecc8751080e69f0e8a?s=96&d=mm&r=g","url":"https:\/\/secure.gravatar.com\/avatar\/0a03ff834bf273ecc8751080e69f0e8a?s=96&d=mm&r=g","height":96,"width":96}},"publisher":{"@type":"Organization","name":"SD SPORT","logo":{"@type":"ImageObject","@id":"https:\/\/sd-sport.si\/wp-content\/uploads\/2018\/04\/uradnilogo.jpg","url":"https:\/\/sd-sport.si\/wp-content\/uploads\/2018\/04\/uradnilogo.jpg","width":250,"height":50}},"image":{"@type":"ImageObject","@id":"https:\/\/sd-sport.si\/wp-content\/uploads\/2018\/07\/Katarina-Bulatovic-Rostov-Don-buducnost-podgorica.jpg","url":"https:\/\/sd-sport.si\/wp-content\/uploads\/2018\/07\/Katarina-Bulatovic-Rostov-Don-buducnost-podgorica.jpg","height":425,"width":600},"keywords":["Katarina Bulatovi\u0107","naslovna","rokomet","Rostov-Don","\u017denski rokomet"]},{"@type":"NewsArticle","@id":"https:\/\/sd-sport.si\/ruski-rostov-don-se-seli-na-roglo\/","headline":"Ruski Rostov-Don se seli na Roglo","url":"https:\/\/sd-sport.si\/ruski-rostov-don-se-seli-na-roglo\/","datePublished":"2018-07-22","dateModified":"2018-07-22","mainEntityOfPage":"https:\/\/sd-sport.si\/ruski-rostov-don-se-seli-na-roglo\/","author":{"@type":"Person","@id":"https:\/\/sd-sport.si\/author\/dpekec\/#Person","name":"Dominik Peke\u010d","url":"https:\/\/sd-sport.si\/author\/dpekec\/","description":"Glavni urednik rokometnega portala \u0160D \u0160port","image":{"@type":"ImageObject","@id":"https:\/\/secure.gravatar.com\/avatar\/0a03ff834bf273ecc8751080e69f0e8a?s=96&d=mm&r=g","url":"https:\/\/secure.gravatar.com\/avatar\/0a03ff834bf273ecc8751080e69f0e8a?s=96&d=mm&r=g","height":96,"width":96}},"publisher":{"@type":"Organization","name":"SD SPORT","logo":{"@type":"ImageObject","@id":"https:\/\/sd-sport.si\/wp-content\/uploads\/2018\/04\/uradnilogo.jpg","url":"https:\/\/sd-sport.si\/wp-content\/uploads\/2018\/04\/uradnilogo.jpg","width":250,"height":50}},"image":{"@type":"ImageObject","@id":"https:\/\/sd-sport.si\/wp-content\/uploads\/2018\/07\/37642129_1776429732439947_2528185670761971712_n.jpg","url":"https:\/\/sd-sport.si\/wp-content\/uploads\/2018\/07\/37642129_1776429732439947_2528185670761971712_n.jpg","height":960,"width":960},"keywords":["naslovna","Rogla","Rostov-Don","Slovenija"]}]}