{"@context":"https:\/\/schema.org\/","@type":"CollectionPage","@id":"https:\/\/sd-sport.si\/tag\/roman-simon\/#CollectionPage","headline":"Roman \u0160imon Tag","description":"","url":"https:\/\/sd-sport.si\/tag\/roman-simon\/","hasPart":[{"@type":"NewsArticle","@id":"https:\/\/sd-sport.si\/roman-simon-po-novem-pri-ambicioznem-tretjeligasu\/","headline":"Roman \u0160imon po novem pri ambicioznem tretjeliga\u0161u","url":"https:\/\/sd-sport.si\/roman-simon-po-novem-pri-ambicioznem-tretjeligasu\/","datePublished":"2020-08-21","dateModified":"2020-08-21","mainEntityOfPage":"https:\/\/sd-sport.si\/roman-simon-po-novem-pri-ambicioznem-tretjeligasu\/","author":{"@type":"Person","@id":"https:\/\/sd-sport.si\/author\/dpekec\/#Person","name":"Dominik Peke\u010d","url":"https:\/\/sd-sport.si\/author\/dpekec\/","description":"Glavni urednik rokometnega portala \u0160D \u0160port","image":{"@type":"ImageObject","@id":"https:\/\/secure.gravatar.com\/avatar\/0a03ff834bf273ecc8751080e69f0e8a?s=96&d=mm&r=g","url":"https:\/\/secure.gravatar.com\/avatar\/0a03ff834bf273ecc8751080e69f0e8a?s=96&d=mm&r=g","height":96,"width":96}},"publisher":{"@type":"Organization","name":"SD SPORT","logo":{"@type":"ImageObject","@id":"https:\/\/sd-sport.si\/wp-content\/uploads\/2018\/04\/uradnilogo.jpg","url":"https:\/\/sd-sport.si\/wp-content\/uploads\/2018\/04\/uradnilogo.jpg","width":250,"height":50}},"image":{"@type":"ImageObject","@id":"https:\/\/sd-sport.si\/wp-content\/uploads\/2020\/08\/Roman-Simon-RK-Ajdovscina.jpg","url":"https:\/\/sd-sport.si\/wp-content\/uploads\/2020\/08\/Roman-Simon-RK-Ajdovscina.jpg","height":680,"width":850},"keywords":["2. DRL","naslovna","Prestop","RK Ajdov\u0161\u010dina","Roman \u0160imon"]},{"@type":"NewsArticle","@id":"https:\/\/sd-sport.si\/roman-simon-zapusca-trenersko-klop-mokerca\/","headline":"Roman \u0160imon zapu\u0161\u010da trenersko klop Mokerca","url":"https:\/\/sd-sport.si\/roman-simon-zapusca-trenersko-klop-mokerca\/","datePublished":"2020-05-12","dateModified":"2020-05-12","mainEntityOfPage":"https:\/\/sd-sport.si\/roman-simon-zapusca-trenersko-klop-mokerca\/","author":{"@type":"Person","@id":"https:\/\/sd-sport.si\/author\/dpekec\/#Person","name":"Dominik Peke\u010d","url":"https:\/\/sd-sport.si\/author\/dpekec\/","description":"Glavni urednik rokometnega portala \u0160D \u0160port","image":{"@type":"ImageObject","@id":"https:\/\/secure.gravatar.com\/avatar\/0a03ff834bf273ecc8751080e69f0e8a?s=96&d=mm&r=g","url":"https:\/\/secure.gravatar.com\/avatar\/0a03ff834bf273ecc8751080e69f0e8a?s=96&d=mm&r=g","height":96,"width":96}},"publisher":{"@type":"Organization","name":"SD SPORT","logo":{"@type":"ImageObject","@id":"https:\/\/sd-sport.si\/wp-content\/uploads\/2018\/04\/uradnilogo.jpg","url":"https:\/\/sd-sport.si\/wp-content\/uploads\/2018\/04\/uradnilogo.jpg","width":250,"height":50}},"image":{"@type":"ImageObject","@id":"https:\/\/sd-sport.si\/wp-content\/uploads\/2019\/11\/RK-Mokerc-KIG-1.-B-DRL-2.jpg","url":"https:\/\/sd-sport.si\/wp-content\/uploads\/2019\/11\/RK-Mokerc-KIG-1.-B-DRL-2.jpg","height":640,"width":960},"keywords":["1. B DRL","naslovna","RK Mokerc - KIG","Roman \u0160imon"]}]}