{"@context":"https:\/\/schema.org\/","@type":"CollectionPage","@id":"https:\/\/sd-sport.si\/tag\/peter-prevc\/#CollectionPage","headline":"Peter Prevc Tag","description":"","url":"https:\/\/sd-sport.si\/tag\/peter-prevc\/","hasPart":[{"@type":"NewsArticle","@id":"https:\/\/sd-sport.si\/zgodovinska-zmaga-anzeta-semenica-v-zakopanah-peter-prevc-na-3-mestu\/","headline":"Zgodovinska zmaga An\u017eeta Semeni\u010da v Zakopanah, Peter Prevc na 3. mestu!","url":"https:\/\/sd-sport.si\/zgodovinska-zmaga-anzeta-semenica-v-zakopanah-peter-prevc-na-3-mestu\/","datePublished":"2018-01-28","dateModified":"2018-01-28","mainEntityOfPage":"https:\/\/sd-sport.si\/zgodovinska-zmaga-anzeta-semenica-v-zakopanah-peter-prevc-na-3-mestu\/","author":{"@type":"Person","@id":"https:\/\/sd-sport.si\/author\/dpekec\/#Person","name":"Dominik Peke\u010d","url":"https:\/\/sd-sport.si\/author\/dpekec\/","description":"Glavni urednik rokometnega portala \u0160D \u0160port","image":{"@type":"ImageObject","@id":"https:\/\/secure.gravatar.com\/avatar\/0a03ff834bf273ecc8751080e69f0e8a?s=96&d=mm&r=g","url":"https:\/\/secure.gravatar.com\/avatar\/0a03ff834bf273ecc8751080e69f0e8a?s=96&d=mm&r=g","height":96,"width":96}},"publisher":{"@type":"Organization","name":"SD SPORT","logo":{"@type":"ImageObject","@id":"https:\/\/sd-sport.si\/wp-content\/uploads\/2018\/04\/uradnilogo.jpg","url":"https:\/\/sd-sport.si\/wp-content\/uploads\/2018\/04\/uradnilogo.jpg","width":250,"height":50}},"image":{"@type":"ImageObject","@id":"https:\/\/sd-sport.si\/wp-content\/uploads\/2018\/01\/116561_G08_W01.jpg","url":"https:\/\/sd-sport.si\/wp-content\/uploads\/2018\/01\/116561_G08_W01.jpg","height":360,"width":640},"keywords":["An\u017ee Semeni\u010d","Peter Prevc","Smu\u010darski skoki","Svetovni pokal"]}]}