{"@context":"https:\/\/schema.org\/","@type":"CollectionPage","@id":"https:\/\/sd-sport.si\/tag\/nk-krsko\/#CollectionPage","headline":"NK Kr\u0161ko Tag","description":"","url":"https:\/\/sd-sport.si\/tag\/nk-krsko\/","hasPart":[{"@type":"NewsArticle","@id":"https:\/\/sd-sport.si\/presenecenje-v-krskem-in-v-velenju-olimpija-do-prave-zmage\/","headline":"Presene\u010denje v Kr\u0161kem in v Velenju, Olimpija do prave zmage","url":"https:\/\/sd-sport.si\/presenecenje-v-krskem-in-v-velenju-olimpija-do-prave-zmage\/","datePublished":"2017-07-17","dateModified":"2017-07-17","mainEntityOfPage":"https:\/\/sd-sport.si\/presenecenje-v-krskem-in-v-velenju-olimpija-do-prave-zmage\/","author":{"@type":"Person","@id":"https:\/\/sd-sport.si\/author\/dpekec\/#Person","name":"Dominik Peke\u010d","url":"https:\/\/sd-sport.si\/author\/dpekec\/","description":"Glavni urednik rokometnega portala \u0160D \u0160port","image":{"@type":"ImageObject","@id":"https:\/\/secure.gravatar.com\/avatar\/0a03ff834bf273ecc8751080e69f0e8a?s=96&d=mm&r=g","url":"https:\/\/secure.gravatar.com\/avatar\/0a03ff834bf273ecc8751080e69f0e8a?s=96&d=mm&r=g","height":96,"width":96}},"publisher":{"@type":"Organization","name":"SD SPORT","logo":{"@type":"ImageObject","@id":"https:\/\/sd-sport.si\/wp-content\/uploads\/2018\/04\/uradnilogo.jpg","url":"https:\/\/sd-sport.si\/wp-content\/uploads\/2018\/04\/uradnilogo.jpg","width":250,"height":50}},"image":null,"keywords":["naslovna","NK Celje","NK Dom\u017eale","NK Gorica","NK Kr\u0161ko","NK Olimpija Ljubljana","NK Rudar Velenje","Prva Liga Telekom Slovenije"]},{"@type":"NewsArticle","@id":"https:\/\/sd-sport.si\/pogled-na-novo-sezono-nk-krsko\/","headline":"Pogled na novo sezono: NK Kr\u0161ko","url":"https:\/\/sd-sport.si\/pogled-na-novo-sezono-nk-krsko\/","datePublished":"2017-07-16","dateModified":"2017-07-17","mainEntityOfPage":"https:\/\/sd-sport.si\/pogled-na-novo-sezono-nk-krsko\/","author":{"@type":"Person","@id":"https:\/\/sd-sport.si\/author\/dpekec\/#Person","name":"Dominik Peke\u010d","url":"https:\/\/sd-sport.si\/author\/dpekec\/","description":"Glavni urednik rokometnega portala \u0160D \u0160port","image":{"@type":"ImageObject","@id":"https:\/\/secure.gravatar.com\/avatar\/0a03ff834bf273ecc8751080e69f0e8a?s=96&d=mm&r=g","url":"https:\/\/secure.gravatar.com\/avatar\/0a03ff834bf273ecc8751080e69f0e8a?s=96&d=mm&r=g","height":96,"width":96}},"publisher":{"@type":"Organization","name":"SD SPORT","logo":{"@type":"ImageObject","@id":"https:\/\/sd-sport.si\/wp-content\/uploads\/2018\/04\/uradnilogo.jpg","url":"https:\/\/sd-sport.si\/wp-content\/uploads\/2018\/04\/uradnilogo.jpg","width":250,"height":50}},"image":null,"keywords":["naslovna","NK Kr\u0161ko","nova sezona"]},{"@type":"NewsArticle","@id":"https:\/\/sd-sport.si\/nikola-gataric-iz-krskega-v-celje\/","headline":"Nikola Gatari\u0107 iz Kr\u0161kega v Celje","url":"https:\/\/sd-sport.si\/nikola-gataric-iz-krskega-v-celje\/","datePublished":"2017-07-11","dateModified":"2017-07-11","mainEntityOfPage":"https:\/\/sd-sport.si\/nikola-gataric-iz-krskega-v-celje\/","author":{"@type":"Person","@id":"https:\/\/sd-sport.si\/author\/dpekec\/#Person","name":"Dominik Peke\u010d","url":"https:\/\/sd-sport.si\/author\/dpekec\/","description":"Glavni urednik rokometnega portala \u0160D \u0160port","image":{"@type":"ImageObject","@id":"https:\/\/secure.gravatar.com\/avatar\/0a03ff834bf273ecc8751080e69f0e8a?s=96&d=mm&r=g","url":"https:\/\/secure.gravatar.com\/avatar\/0a03ff834bf273ecc8751080e69f0e8a?s=96&d=mm&r=g","height":96,"width":96}},"publisher":{"@type":"Organization","name":"SD SPORT","logo":{"@type":"ImageObject","@id":"https:\/\/sd-sport.si\/wp-content\/uploads\/2018\/04\/uradnilogo.jpg","url":"https:\/\/sd-sport.si\/wp-content\/uploads\/2018\/04\/uradnilogo.jpg","width":250,"height":50}},"image":null,"keywords":["naslovna","Nikola Gatari\u0107","NK Celje","NK Kr\u0161ko","Nova okrepitev","Toma\u017e Petrovi\u010d"]}]}