{"@context":"https:\/\/schema.org\/","@type":"CollectionPage","@id":"https:\/\/sd-sport.si\/tag\/nd-gorica\/#CollectionPage","headline":"ND Gorica Tag","description":"","url":"https:\/\/sd-sport.si\/tag\/nd-gorica\/","hasPart":[{"@type":"NewsArticle","@id":"https:\/\/sd-sport.si\/kapic-se-iz-gorice-seli-v-svico-maribor-pripeljal-branilca-iz-srbije\/","headline":"Kapi\u0107 se iz Gorice seli v \u0160vico, Maribor pripeljal branilca iz Srbije!","url":"https:\/\/sd-sport.si\/kapic-se-iz-gorice-seli-v-svico-maribor-pripeljal-branilca-iz-srbije\/","datePublished":"2018-01-13","dateModified":"2018-01-13","mainEntityOfPage":"https:\/\/sd-sport.si\/kapic-se-iz-gorice-seli-v-svico-maribor-pripeljal-branilca-iz-srbije\/","author":{"@type":"Person","@id":"https:\/\/sd-sport.si\/author\/dpekec\/#Person","name":"Dominik Peke\u010d","url":"https:\/\/sd-sport.si\/author\/dpekec\/","description":"Glavni urednik rokometnega portala \u0160D \u0160port","image":{"@type":"ImageObject","@id":"https:\/\/secure.gravatar.com\/avatar\/0a03ff834bf273ecc8751080e69f0e8a?s=96&d=mm&r=g","url":"https:\/\/secure.gravatar.com\/avatar\/0a03ff834bf273ecc8751080e69f0e8a?s=96&d=mm&r=g","height":96,"width":96}},"publisher":{"@type":"Organization","name":"SD SPORT","logo":{"@type":"ImageObject","@id":"https:\/\/sd-sport.si\/wp-content\/uploads\/2018\/04\/uradnilogo.jpg","url":"https:\/\/sd-sport.si\/wp-content\/uploads\/2018\/04\/uradnilogo.jpg","width":250,"height":50}},"image":{"@type":"ImageObject","@id":"https:\/\/sd-sport.si\/wp-content\/uploads\/2018\/01\/SasaIvkovic_3.jpg","url":"https:\/\/sd-sport.si\/wp-content\/uploads\/2018\/01\/SasaIvkovic_3.jpg","height":"400","width":"580"},"keywords":["naslovna","ND Gorica","NK Maribor","Nova okrepitev","Prva Liga Telekom Slovenije"]},{"@type":"NewsArticle","@id":"https:\/\/sd-sport.si\/nova-okrepitev-za-domzale-gorico-in-rudar\/","headline":"Nova okrepitev za Dom\u017eale, Gorico in Rudar!","url":"https:\/\/sd-sport.si\/nova-okrepitev-za-domzale-gorico-in-rudar\/","datePublished":"2017-09-16","dateModified":"2017-09-16","mainEntityOfPage":"https:\/\/sd-sport.si\/nova-okrepitev-za-domzale-gorico-in-rudar\/","author":{"@type":"Person","@id":"https:\/\/sd-sport.si\/author\/dpekec\/#Person","name":"Dominik Peke\u010d","url":"https:\/\/sd-sport.si\/author\/dpekec\/","description":"Glavni urednik rokometnega portala \u0160D \u0160port","image":{"@type":"ImageObject","@id":"https:\/\/secure.gravatar.com\/avatar\/0a03ff834bf273ecc8751080e69f0e8a?s=96&d=mm&r=g","url":"https:\/\/secure.gravatar.com\/avatar\/0a03ff834bf273ecc8751080e69f0e8a?s=96&d=mm&r=g","height":96,"width":96}},"publisher":{"@type":"Organization","name":"SD SPORT","logo":{"@type":"ImageObject","@id":"https:\/\/sd-sport.si\/wp-content\/uploads\/2018\/04\/uradnilogo.jpg","url":"https:\/\/sd-sport.si\/wp-content\/uploads\/2018\/04\/uradnilogo.jpg","width":250,"height":50}},"image":{"@type":"ImageObject","@id":"https:\/\/sd-sport.si\/wp-content\/uploads\/2017\/09\/azemovi\u00c4\u0087-dom\u00c5\u00beale-300x201.png","url":"https:\/\/sd-sport.si\/wp-content\/uploads\/2017\/09\/azemovi\u00c4\u0087-dom\u00c5\u00beale-300x201.png","height":"255","width":"381"},"keywords":["Emir Azemovi\u0107","Josip Toma\u0161evi\u0107","Kyrian Nwabueze","naslovna","ND Gorica","NK Dom\u017eale","NK Rudar Velenje","nogomet","Nove okrepitve"]},{"@type":"NewsArticle","@id":"https:\/\/sd-sport.si\/rifet-kapic-pred-odhodom-v-serie-a\/","headline":"Rifet Kapi\u0107 pred odhodom v Serie A","url":"https:\/\/sd-sport.si\/rifet-kapic-pred-odhodom-v-serie-a\/","datePublished":"2017-07-17","dateModified":"2017-07-18","mainEntityOfPage":"https:\/\/sd-sport.si\/rifet-kapic-pred-odhodom-v-serie-a\/","author":{"@type":"Person","@id":"https:\/\/sd-sport.si\/author\/dpekec\/#Person","name":"Dominik Peke\u010d","url":"https:\/\/sd-sport.si\/author\/dpekec\/","description":"Glavni urednik rokometnega portala \u0160D \u0160port","image":{"@type":"ImageObject","@id":"https:\/\/secure.gravatar.com\/avatar\/0a03ff834bf273ecc8751080e69f0e8a?s=96&d=mm&r=g","url":"https:\/\/secure.gravatar.com\/avatar\/0a03ff834bf273ecc8751080e69f0e8a?s=96&d=mm&r=g","height":96,"width":96}},"publisher":{"@type":"Organization","name":"SD SPORT","logo":{"@type":"ImageObject","@id":"https:\/\/sd-sport.si\/wp-content\/uploads\/2018\/04\/uradnilogo.jpg","url":"https:\/\/sd-sport.si\/wp-content\/uploads\/2018\/04\/uradnilogo.jpg","width":250,"height":50}},"image":null,"keywords":["Bologna","Genoa","Hannover","Lech Poznan","Levante","naslovna","ND Gorica","Rifet Kapi\u0107","Stuttgart"]},{"@type":"NewsArticle","@id":"https:\/\/sd-sport.si\/pogled-na-novo-sezono-nk-gorica\/","headline":"Pogled na novo sezono: ND Gorica","url":"https:\/\/sd-sport.si\/pogled-na-novo-sezono-nk-gorica\/","datePublished":"2017-07-17","dateModified":"2017-07-17","mainEntityOfPage":"https:\/\/sd-sport.si\/pogled-na-novo-sezono-nk-gorica\/","author":{"@type":"Person","@id":"https:\/\/sd-sport.si\/author\/dpekec\/#Person","name":"Dominik Peke\u010d","url":"https:\/\/sd-sport.si\/author\/dpekec\/","description":"Glavni urednik rokometnega portala \u0160D \u0160port","image":{"@type":"ImageObject","@id":"https:\/\/secure.gravatar.com\/avatar\/0a03ff834bf273ecc8751080e69f0e8a?s=96&d=mm&r=g","url":"https:\/\/secure.gravatar.com\/avatar\/0a03ff834bf273ecc8751080e69f0e8a?s=96&d=mm&r=g","height":96,"width":96}},"publisher":{"@type":"Organization","name":"SD SPORT","logo":{"@type":"ImageObject","@id":"https:\/\/sd-sport.si\/wp-content\/uploads\/2018\/04\/uradnilogo.jpg","url":"https:\/\/sd-sport.si\/wp-content\/uploads\/2018\/04\/uradnilogo.jpg","width":250,"height":50}},"image":null,"keywords":["naslovna","ND Gorica","nova sezona"]}]}