{"@context":"https:\/\/schema.org\/","@type":"CollectionPage","@id":"https:\/\/sd-sport.si\/tag\/marko-kotar\/#CollectionPage","headline":"Marko Kotar Tag","description":"","url":"https:\/\/sd-sport.si\/tag\/marko-kotar\/","hasPart":[{"@type":"NewsArticle","@id":"https:\/\/sd-sport.si\/trebanjci-v-koncnici-brez-zmage-proti-ribnicanom\/","headline":"Trebanjci v kon\u010dnici brez zmage proti Ribni\u010danom","url":"https:\/\/sd-sport.si\/trebanjci-v-koncnici-brez-zmage-proti-ribnicanom\/","datePublished":"2019-02-24","dateModified":"2019-02-24","mainEntityOfPage":"https:\/\/sd-sport.si\/trebanjci-v-koncnici-brez-zmage-proti-ribnicanom\/","author":{"@type":"Person","@id":"https:\/\/sd-sport.si\/author\/dpekec\/#Person","name":"Dominik Peke\u010d","url":"https:\/\/sd-sport.si\/author\/dpekec\/","description":"Glavni urednik rokometnega portala \u0160D \u0160port","image":{"@type":"ImageObject","@id":"https:\/\/secure.gravatar.com\/avatar\/0a03ff834bf273ecc8751080e69f0e8a?s=96&d=mm&r=g","url":"https:\/\/secure.gravatar.com\/avatar\/0a03ff834bf273ecc8751080e69f0e8a?s=96&d=mm&r=g","height":96,"width":96}},"publisher":{"@type":"Organization","name":"SD SPORT","logo":{"@type":"ImageObject","@id":"https:\/\/sd-sport.si\/wp-content\/uploads\/2018\/04\/uradnilogo.jpg","url":"https:\/\/sd-sport.si\/wp-content\/uploads\/2018\/04\/uradnilogo.jpg","width":250,"height":50}},"image":{"@type":"ImageObject","@id":"https:\/\/sd-sport.si\/wp-content\/uploads\/2019\/02\/RD-Riko-Ribnica-RK-Trimo-Trebnje-NLB-liga-23.2.2019-40.jpg","url":"https:\/\/sd-sport.si\/wp-content\/uploads\/2019\/02\/RD-Riko-Ribnica-RK-Trimo-Trebnje-NLB-liga-23.2.2019-40.jpg","height":640,"width":960},"keywords":["Marko Kotar","naslovna","NLB liga","RD Riko Ribnica","RK Trimo Trebnje"]},{"@type":"NewsArticle","@id":"https:\/\/sd-sport.si\/marko-kotar-se-z-dobro-igro-nadeja-dveh-pomembnih-tock-proti-mariboru\/","headline":"Marko Kotar se z dobro igro nadeja dveh pomembnih to\u010dk proti Mariboru","url":"https:\/\/sd-sport.si\/marko-kotar-se-z-dobro-igro-nadeja-dveh-pomembnih-tock-proti-mariboru\/","datePublished":"2019-02-15","dateModified":"2019-02-15","mainEntityOfPage":"https:\/\/sd-sport.si\/marko-kotar-se-z-dobro-igro-nadeja-dveh-pomembnih-tock-proti-mariboru\/","author":{"@type":"Person","@id":"https:\/\/sd-sport.si\/author\/dpekec\/#Person","name":"Dominik Peke\u010d","url":"https:\/\/sd-sport.si\/author\/dpekec\/","description":"Glavni urednik rokometnega portala \u0160D \u0160port","image":{"@type":"ImageObject","@id":"https:\/\/secure.gravatar.com\/avatar\/0a03ff834bf273ecc8751080e69f0e8a?s=96&d=mm&r=g","url":"https:\/\/secure.gravatar.com\/avatar\/0a03ff834bf273ecc8751080e69f0e8a?s=96&d=mm&r=g","height":96,"width":96}},"publisher":{"@type":"Organization","name":"SD SPORT","logo":{"@type":"ImageObject","@id":"https:\/\/sd-sport.si\/wp-content\/uploads\/2018\/04\/uradnilogo.jpg","url":"https:\/\/sd-sport.si\/wp-content\/uploads\/2018\/04\/uradnilogo.jpg","width":250,"height":50}},"image":{"@type":"ImageObject","@id":"https:\/\/sd-sport.si\/wp-content\/uploads\/2019\/02\/RK-Celje-Pivovarna-Lasko-RK-Trimo-Trebnje-NLB-liga-6.2.2019-15.jpg","url":"https:\/\/sd-sport.si\/wp-content\/uploads\/2019\/02\/RK-Celje-Pivovarna-Lasko-RK-Trimo-Trebnje-NLB-liga-6.2.2019-15.jpg","height":640,"width":960},"keywords":["Marko Kotar","naslovna","NLB liga","RK Maribor Branik","RK Trimo Trebnje"]},{"@type":"NewsArticle","@id":"https:\/\/sd-sport.si\/video-intervju-kotar-in-dobovicnik-se-rada-spominjata-naslova-evropskih-mladinskih-prvakov\/","headline":"VIDEO INTERVJU: Kotar in Dobovi\u010dnik se rada spominjata naslova evropskih mladinskih prvakov","url":"https:\/\/sd-sport.si\/video-intervju-kotar-in-dobovicnik-se-rada-spominjata-naslova-evropskih-mladinskih-prvakov\/","datePublished":"2018-10-05","dateModified":"2018-10-05","mainEntityOfPage":"https:\/\/sd-sport.si\/video-intervju-kotar-in-dobovicnik-se-rada-spominjata-naslova-evropskih-mladinskih-prvakov\/","author":{"@type":"Person","@id":"https:\/\/sd-sport.si\/author\/dpekec\/#Person","name":"Dominik Peke\u010d","url":"https:\/\/sd-sport.si\/author\/dpekec\/","description":"Glavni urednik rokometnega portala \u0160D \u0160port","image":{"@type":"ImageObject","@id":"https:\/\/secure.gravatar.com\/avatar\/0a03ff834bf273ecc8751080e69f0e8a?s=96&d=mm&r=g","url":"https:\/\/secure.gravatar.com\/avatar\/0a03ff834bf273ecc8751080e69f0e8a?s=96&d=mm&r=g","height":96,"width":96}},"publisher":{"@type":"Organization","name":"SD SPORT","logo":{"@type":"ImageObject","@id":"https:\/\/sd-sport.si\/wp-content\/uploads\/2018\/04\/uradnilogo.jpg","url":"https:\/\/sd-sport.si\/wp-content\/uploads\/2018\/04\/uradnilogo.jpg","width":250,"height":50}},"image":{"@type":"ImageObject","@id":"https:\/\/sd-sport.si\/wp-content\/uploads\/2018\/10\/VIDEO-INTERVJU_-MARKO-KOTAR-IN-AN\u017dE-DOBOVI\u010cNIK.jpg","url":"https:\/\/sd-sport.si\/wp-content\/uploads\/2018\/10\/VIDEO-INTERVJU_-MARKO-KOTAR-IN-AN\u017dE-DOBOVI\u010cNIK.jpg","height":500,"width":850},"keywords":["An\u017ee Dobovi\u010dnik","intervju","Marko Kotar","naslovna","NLB liga","RK Trimo Trebnje"]},{"@type":"NewsArticle","@id":"https:\/\/sd-sport.si\/trebanjski-dragulj-navdusil-z-izjemno-podajo-video\/","headline":"Trebanjski dragulj navdu\u0161il z izjemno podajo (VIDEO)","url":"https:\/\/sd-sport.si\/trebanjski-dragulj-navdusil-z-izjemno-podajo-video\/","datePublished":"2018-07-26","dateModified":"2018-07-26","mainEntityOfPage":"https:\/\/sd-sport.si\/trebanjski-dragulj-navdusil-z-izjemno-podajo-video\/","author":{"@type":"Person","@id":"https:\/\/sd-sport.si\/author\/dpekec\/#Person","name":"Dominik Peke\u010d","url":"https:\/\/sd-sport.si\/author\/dpekec\/","description":"Glavni urednik rokometnega portala \u0160D \u0160port","image":{"@type":"ImageObject","@id":"https:\/\/secure.gravatar.com\/avatar\/0a03ff834bf273ecc8751080e69f0e8a?s=96&d=mm&r=g","url":"https:\/\/secure.gravatar.com\/avatar\/0a03ff834bf273ecc8751080e69f0e8a?s=96&d=mm&r=g","height":96,"width":96}},"publisher":{"@type":"Organization","name":"SD SPORT","logo":{"@type":"ImageObject","@id":"https:\/\/sd-sport.si\/wp-content\/uploads\/2018\/04\/uradnilogo.jpg","url":"https:\/\/sd-sport.si\/wp-content\/uploads\/2018\/04\/uradnilogo.jpg","width":250,"height":50}},"image":{"@type":"ImageObject","@id":"https:\/\/sd-sport.si\/wp-content\/uploads\/2018\/07\/Marko-Kotar-Slovenija-rokomet-reprezentanca-RK-Trimo-Trebnje.jpg","url":"https:\/\/sd-sport.si\/wp-content\/uploads\/2018\/07\/Marko-Kotar-Slovenija-rokomet-reprezentanca-RK-Trimo-Trebnje.jpg","height":792,"width":792},"keywords":["EP v rokometu do 20 let","Marko Kotar","naslovna"]}]}