{"@context":"https:\/\/schema.org\/","@type":"CollectionPage","@id":"https:\/\/sd-sport.si\/tag\/marko-kmetic\/#CollectionPage","headline":"Marko Kmeti\u010d Tag","description":"","url":"https:\/\/sd-sport.si\/tag\/marko-kmetic\/","hasPart":[{"@type":"NewsArticle","@id":"https:\/\/sd-sport.si\/blaz-voncina-se-seli-v-nemcijo\/","headline":"Bla\u017e Von\u010dina se seli v Nem\u010dijo","url":"https:\/\/sd-sport.si\/blaz-voncina-se-seli-v-nemcijo\/","datePublished":"2019-01-19","dateModified":"2019-01-19","mainEntityOfPage":"https:\/\/sd-sport.si\/blaz-voncina-se-seli-v-nemcijo\/","author":{"@type":"Person","@id":"https:\/\/sd-sport.si\/author\/dpekec\/#Person","name":"Dominik Peke\u010d","url":"https:\/\/sd-sport.si\/author\/dpekec\/","description":"Glavni urednik rokometnega portala \u0160D \u0160port","image":{"@type":"ImageObject","@id":"https:\/\/secure.gravatar.com\/avatar\/0a03ff834bf273ecc8751080e69f0e8a?s=96&d=mm&r=g","url":"https:\/\/secure.gravatar.com\/avatar\/0a03ff834bf273ecc8751080e69f0e8a?s=96&d=mm&r=g","height":96,"width":96}},"publisher":{"@type":"Organization","name":"SD SPORT","logo":{"@type":"ImageObject","@id":"https:\/\/sd-sport.si\/wp-content\/uploads\/2018\/04\/uradnilogo.jpg","url":"https:\/\/sd-sport.si\/wp-content\/uploads\/2018\/04\/uradnilogo.jpg","width":250,"height":50}},"image":{"@type":"ImageObject","@id":"https:\/\/sd-sport.si\/wp-content\/uploads\/2019\/01\/Blaz-Voncina-Nemcija-Eisenach-Koper-Marko-Kmetic.jpg","url":"https:\/\/sd-sport.si\/wp-content\/uploads\/2019\/01\/Blaz-Voncina-Nemcija-Eisenach-Koper-Marko-Kmetic.jpg","height":720,"width":960},"keywords":["Bla\u017e Von\u010dina","Marko Kmeti\u010d","naslovna","Nem\u010dija","Prestop","Sead Hasenefendi\u0107","ThSV Eisenach","Tuja prvenstva"]}]}