{"@context":"https:\/\/schema.org\/","@type":"CollectionPage","@id":"https:\/\/sd-sport.si\/tag\/linz\/#CollectionPage","headline":"Linz Tag","description":"","url":"https:\/\/sd-sport.si\/tag\/linz\/","hasPart":[{"@type":"NewsArticle","@id":"https:\/\/sd-sport.si\/domen-sikosek-pelko-in-adnan-sivic-v-avstrijo\/","headline":"Domen Siko\u0161ek Pelko in Adnan Sivi\u0107 v Avstrijo","url":"https:\/\/sd-sport.si\/domen-sikosek-pelko-in-adnan-sivic-v-avstrijo\/","datePublished":"2018-05-30","dateModified":"2018-05-30","mainEntityOfPage":"https:\/\/sd-sport.si\/domen-sikosek-pelko-in-adnan-sivic-v-avstrijo\/","author":{"@type":"Person","@id":"https:\/\/sd-sport.si\/author\/dpekec\/#Person","name":"Dominik Peke\u010d","url":"https:\/\/sd-sport.si\/author\/dpekec\/","description":"Glavni urednik rokometnega portala \u0160D \u0160port","image":{"@type":"ImageObject","@id":"https:\/\/secure.gravatar.com\/avatar\/0a03ff834bf273ecc8751080e69f0e8a?s=96&d=mm&r=g","url":"https:\/\/secure.gravatar.com\/avatar\/0a03ff834bf273ecc8751080e69f0e8a?s=96&d=mm&r=g","height":96,"width":96}},"publisher":{"@type":"Organization","name":"SD SPORT","logo":{"@type":"ImageObject","@id":"https:\/\/sd-sport.si\/wp-content\/uploads\/2018\/04\/uradnilogo.jpg","url":"https:\/\/sd-sport.si\/wp-content\/uploads\/2018\/04\/uradnilogo.jpg","width":250,"height":50}},"image":{"@type":"ImageObject","@id":"https:\/\/sd-sport.si\/wp-content\/uploads\/2018\/05\/Domen-Siko\u0161ek-Pelko-rokomet-NLB-liga-HC-Bruck.jpg","url":"https:\/\/sd-sport.si\/wp-content\/uploads\/2018\/05\/Domen-Siko\u0161ek-Pelko-rokomet-NLB-liga-HC-Bruck.jpg","height":960,"width":720},"keywords":["Adnan Sivi\u0107","Domen Siko\u0161ek Pelko","HC Bruck","Linz","naslovna","PRESTOPI","RK Maribor Branik","RK Trimo Trebnje","rokomet"]}]}