{"@context":"https:\/\/schema.org\/","@type":"CollectionPage","@id":"https:\/\/sd-sport.si\/tag\/euro-2018-za-zenske\/#CollectionPage","headline":"EURO 2018 za \u017eenske Tag","description":"","url":"https:\/\/sd-sport.si\/tag\/euro-2018-za-zenske\/","hasPart":[{"@type":"NewsArticle","@id":"https:\/\/sd-sport.si\/prvi-polcas-usoden-za-presenecenje-slovenk-proti-crni-gori\/","headline":"Prvi pol\u010das usoden za presene\u010denje Slovenk proti \u010crni Gori","url":"https:\/\/sd-sport.si\/prvi-polcas-usoden-za-presenecenje-slovenk-proti-crni-gori\/","datePublished":"2018-11-30","dateModified":"2018-11-30","mainEntityOfPage":"https:\/\/sd-sport.si\/prvi-polcas-usoden-za-presenecenje-slovenk-proti-crni-gori\/","author":{"@type":"Person","@id":"https:\/\/sd-sport.si\/author\/dpekec\/#Person","name":"Dominik Peke\u010d","url":"https:\/\/sd-sport.si\/author\/dpekec\/","description":"Glavni urednik rokometnega portala \u0160D \u0160port","image":{"@type":"ImageObject","@id":"https:\/\/secure.gravatar.com\/avatar\/0a03ff834bf273ecc8751080e69f0e8a?s=96&d=mm&r=g","url":"https:\/\/secure.gravatar.com\/avatar\/0a03ff834bf273ecc8751080e69f0e8a?s=96&d=mm&r=g","height":96,"width":96}},"publisher":{"@type":"Organization","name":"SD SPORT","logo":{"@type":"ImageObject","@id":"https:\/\/sd-sport.si\/wp-content\/uploads\/2018\/04\/uradnilogo.jpg","url":"https:\/\/sd-sport.si\/wp-content\/uploads\/2018\/04\/uradnilogo.jpg","width":250,"height":50}},"image":{"@type":"ImageObject","@id":"https:\/\/sd-sport.si\/wp-content\/uploads\/2018\/11\/Slovenija-zenske-rokomet-reprezentanca-EP-v-rokometu-za-zenske-2018-EURO-2018-1-1.jpg","url":"https:\/\/sd-sport.si\/wp-content\/uploads\/2018\/11\/Slovenija-zenske-rokomet-reprezentanca-EP-v-rokometu-za-zenske-2018-EURO-2018-1-1.jpg","height":800,"width":1200},"keywords":["EURO 2018 za \u017eenske","naslovna","Slovenska \u017eenska rokometna reprezentanca","\u017denski rokomet"]},{"@type":"NewsArticle","@id":"https:\/\/sd-sport.si\/slovenke-ob-21-uri-za-uvod-evropskega-prvenstva-proti-crni-gori\/","headline":"Slovenke ob 21. uri za uvod evropskega prvenstva proti \u010crni Gori","url":"https:\/\/sd-sport.si\/slovenke-ob-21-uri-za-uvod-evropskega-prvenstva-proti-crni-gori\/","datePublished":"2018-11-30","dateModified":"2018-11-30","mainEntityOfPage":"https:\/\/sd-sport.si\/slovenke-ob-21-uri-za-uvod-evropskega-prvenstva-proti-crni-gori\/","author":{"@type":"Person","@id":"https:\/\/sd-sport.si\/author\/dpekec\/#Person","name":"Dominik Peke\u010d","url":"https:\/\/sd-sport.si\/author\/dpekec\/","description":"Glavni urednik rokometnega portala \u0160D \u0160port","image":{"@type":"ImageObject","@id":"https:\/\/secure.gravatar.com\/avatar\/0a03ff834bf273ecc8751080e69f0e8a?s=96&d=mm&r=g","url":"https:\/\/secure.gravatar.com\/avatar\/0a03ff834bf273ecc8751080e69f0e8a?s=96&d=mm&r=g","height":96,"width":96}},"publisher":{"@type":"Organization","name":"SD SPORT","logo":{"@type":"ImageObject","@id":"https:\/\/sd-sport.si\/wp-content\/uploads\/2018\/04\/uradnilogo.jpg","url":"https:\/\/sd-sport.si\/wp-content\/uploads\/2018\/04\/uradnilogo.jpg","width":250,"height":50}},"image":{"@type":"ImageObject","@id":"https:\/\/sd-sport.si\/wp-content\/uploads\/2018\/05\/Slovenija-rokomet-\u017eenske-reprezentanca.jpg","url":"https:\/\/sd-sport.si\/wp-content\/uploads\/2018\/05\/Slovenija-rokomet-\u017eenske-reprezentanca.jpg","height":640,"width":960},"keywords":["EURO 2018 za \u017eenske","naslovna","Slovenska \u017eenska rokometna reprezentanca","\u017denski rokomet"]},{"@type":"NewsArticle","@id":"https:\/\/sd-sport.si\/rusinje-presenetljivo-ugnale-francijo-za-zacetek-zenskega-ep-ja\/","headline":"Rusinje presenetljivo ugnale Francijo za za\u010detek \u017eenskega EP-ja","url":"https:\/\/sd-sport.si\/rusinje-presenetljivo-ugnale-francijo-za-zacetek-zenskega-ep-ja\/","datePublished":"2018-11-29","dateModified":"2018-11-29","mainEntityOfPage":"https:\/\/sd-sport.si\/rusinje-presenetljivo-ugnale-francijo-za-zacetek-zenskega-ep-ja\/","author":{"@type":"Person","@id":"https:\/\/sd-sport.si\/author\/dpekec\/#Person","name":"Dominik Peke\u010d","url":"https:\/\/sd-sport.si\/author\/dpekec\/","description":"Glavni urednik rokometnega portala \u0160D \u0160port","image":{"@type":"ImageObject","@id":"https:\/\/secure.gravatar.com\/avatar\/0a03ff834bf273ecc8751080e69f0e8a?s=96&d=mm&r=g","url":"https:\/\/secure.gravatar.com\/avatar\/0a03ff834bf273ecc8751080e69f0e8a?s=96&d=mm&r=g","height":96,"width":96}},"publisher":{"@type":"Organization","name":"SD SPORT","logo":{"@type":"ImageObject","@id":"https:\/\/sd-sport.si\/wp-content\/uploads\/2018\/04\/uradnilogo.jpg","url":"https:\/\/sd-sport.si\/wp-content\/uploads\/2018\/04\/uradnilogo.jpg","width":250,"height":50}},"image":{"@type":"ImageObject","@id":"https:\/\/sd-sport.si\/wp-content\/uploads\/2018\/08\/Novinarska-konferenca-RK-Krim-2018-rokometna-zoga.jpg","url":"https:\/\/sd-sport.si\/wp-content\/uploads\/2018\/08\/Novinarska-konferenca-RK-Krim-2018-rokometna-zoga.jpg","height":534,"width":800},"keywords":["EURO 2018 za \u017eenske","francija","naslovna","Rusija","\u017denski rokomet"]},{"@type":"NewsArticle","@id":"https:\/\/sd-sport.si\/francija-in-rusija-odpirata-ep-v-rokometu-za-zenske\/","headline":"Francija in Rusija odpirata EP v rokometu za \u017eenske","url":"https:\/\/sd-sport.si\/francija-in-rusija-odpirata-ep-v-rokometu-za-zenske\/","datePublished":"2018-11-29","dateModified":"2018-11-29","mainEntityOfPage":"https:\/\/sd-sport.si\/francija-in-rusija-odpirata-ep-v-rokometu-za-zenske\/","author":{"@type":"Person","@id":"https:\/\/sd-sport.si\/author\/dpekec\/#Person","name":"Dominik Peke\u010d","url":"https:\/\/sd-sport.si\/author\/dpekec\/","description":"Glavni urednik rokometnega portala \u0160D \u0160port","image":{"@type":"ImageObject","@id":"https:\/\/secure.gravatar.com\/avatar\/0a03ff834bf273ecc8751080e69f0e8a?s=96&d=mm&r=g","url":"https:\/\/secure.gravatar.com\/avatar\/0a03ff834bf273ecc8751080e69f0e8a?s=96&d=mm&r=g","height":96,"width":96}},"publisher":{"@type":"Organization","name":"SD SPORT","logo":{"@type":"ImageObject","@id":"https:\/\/sd-sport.si\/wp-content\/uploads\/2018\/04\/uradnilogo.jpg","url":"https:\/\/sd-sport.si\/wp-content\/uploads\/2018\/04\/uradnilogo.jpg","width":250,"height":50}},"image":{"@type":"ImageObject","@id":"https:\/\/sd-sport.si\/wp-content\/uploads\/2018\/09\/rokometna-zoga-svis-sd-sport-domi-pekec.jpg","url":"https:\/\/sd-sport.si\/wp-content\/uploads\/2018\/09\/rokometna-zoga-svis-sd-sport-domi-pekec.jpg","height":480,"width":720},"keywords":["EURO 2018 za \u017eenske","francija","naslovna","Rusija","\u017denski rokomet"]},{"@type":"NewsArticle","@id":"https:\/\/sd-sport.si\/bregar-dolocil-sedemnajsterico-za-zacetek-prvenstva\/","headline":"Bregar dolo\u010dil sedemnajsterico za za\u010detek prvenstva","url":"https:\/\/sd-sport.si\/bregar-dolocil-sedemnajsterico-za-zacetek-prvenstva\/","datePublished":"2018-11-29","dateModified":"2018-11-29","mainEntityOfPage":"https:\/\/sd-sport.si\/bregar-dolocil-sedemnajsterico-za-zacetek-prvenstva\/","author":{"@type":"Person","@id":"https:\/\/sd-sport.si\/author\/dpekec\/#Person","name":"Dominik Peke\u010d","url":"https:\/\/sd-sport.si\/author\/dpekec\/","description":"Glavni urednik rokometnega portala \u0160D \u0160port","image":{"@type":"ImageObject","@id":"https:\/\/secure.gravatar.com\/avatar\/0a03ff834bf273ecc8751080e69f0e8a?s=96&d=mm&r=g","url":"https:\/\/secure.gravatar.com\/avatar\/0a03ff834bf273ecc8751080e69f0e8a?s=96&d=mm&r=g","height":96,"width":96}},"publisher":{"@type":"Organization","name":"SD SPORT","logo":{"@type":"ImageObject","@id":"https:\/\/sd-sport.si\/wp-content\/uploads\/2018\/04\/uradnilogo.jpg","url":"https:\/\/sd-sport.si\/wp-content\/uploads\/2018\/04\/uradnilogo.jpg","width":250,"height":50}},"image":{"@type":"ImageObject","@id":"https:\/\/sd-sport.si\/wp-content\/uploads\/2018\/11\/Slovenija-zenske-rokomet-reprezentanca-EP-v-rokometu-za-zenske-2018-EURO-2018-1.jpg","url":"https:\/\/sd-sport.si\/wp-content\/uploads\/2018\/11\/Slovenija-zenske-rokomet-reprezentanca-EP-v-rokometu-za-zenske-2018-EURO-2018-1.jpg","height":640,"width":960},"keywords":["EURO 2018 za \u017eenske","naslovna","Slovenska \u017eenska rokometna reprezentanca","\u017denski rokomet"]},{"@type":"NewsArticle","@id":"https:\/\/sd-sport.si\/uros-bregar-si-letosnje-prvenstvo-zeli-oddelati-na-najvisji-ravni\/","headline":"Uro\u0161 Bregar si leto\u0161nje prvenstvo \u017eeli oddelati na najvi\u0161ji ravni","url":"https:\/\/sd-sport.si\/uros-bregar-si-letosnje-prvenstvo-zeli-oddelati-na-najvisji-ravni\/","datePublished":"2018-11-27","dateModified":"2018-11-27","mainEntityOfPage":"https:\/\/sd-sport.si\/uros-bregar-si-letosnje-prvenstvo-zeli-oddelati-na-najvisji-ravni\/","author":{"@type":"Person","@id":"https:\/\/sd-sport.si\/author\/dpekec\/#Person","name":"Dominik Peke\u010d","url":"https:\/\/sd-sport.si\/author\/dpekec\/","description":"Glavni urednik rokometnega portala \u0160D \u0160port","image":{"@type":"ImageObject","@id":"https:\/\/secure.gravatar.com\/avatar\/0a03ff834bf273ecc8751080e69f0e8a?s=96&d=mm&r=g","url":"https:\/\/secure.gravatar.com\/avatar\/0a03ff834bf273ecc8751080e69f0e8a?s=96&d=mm&r=g","height":96,"width":96}},"publisher":{"@type":"Organization","name":"SD SPORT","logo":{"@type":"ImageObject","@id":"https:\/\/sd-sport.si\/wp-content\/uploads\/2018\/04\/uradnilogo.jpg","url":"https:\/\/sd-sport.si\/wp-content\/uploads\/2018\/04\/uradnilogo.jpg","width":250,"height":50}},"image":{"@type":"ImageObject","@id":"https:\/\/sd-sport.si\/wp-content\/uploads\/2018\/09\/Uros-Bregar-RK-Krim-Mercator-Slovenija-rokomet-reprezentanca.jpg","url":"https:\/\/sd-sport.si\/wp-content\/uploads\/2018\/09\/Uros-Bregar-RK-Krim-Mercator-Slovenija-rokomet-reprezentanca.jpg","height":771,"width":960},"keywords":["EURO 2018 za \u017eenske","naslovna","Slovenska \u017eenska rokometna reprezentanca","Uro\u0161 Bregar"]}]}