{"@context":"https:\/\/schema.org\/","@type":"CollectionPage","@id":"https:\/\/sd-sport.si\/tag\/dika-mem\/#CollectionPage","headline":"Dika Mem Tag","description":"","url":"https:\/\/sd-sport.si\/tag\/dika-mem\/","hasPart":[{"@type":"NewsArticle","@id":"https:\/\/sd-sport.si\/florijani-obtozeni-rasisticnih-zalitev\/","headline":"Florijani obto\u017eeni rasisti\u010dnih \u017ealitev?","url":"https:\/\/sd-sport.si\/florijani-obtozeni-rasisticnih-zalitev\/","datePublished":"2019-09-23","dateModified":"2019-09-23","mainEntityOfPage":"https:\/\/sd-sport.si\/florijani-obtozeni-rasisticnih-zalitev\/","author":{"@type":"Person","@id":"https:\/\/sd-sport.si\/author\/dpekec\/#Person","name":"Dominik Peke\u010d","url":"https:\/\/sd-sport.si\/author\/dpekec\/","description":"Glavni urednik rokometnega portala \u0160D \u0160port","image":{"@type":"ImageObject","@id":"https:\/\/secure.gravatar.com\/avatar\/0a03ff834bf273ecc8751080e69f0e8a?s=96&d=mm&r=g","url":"https:\/\/secure.gravatar.com\/avatar\/0a03ff834bf273ecc8751080e69f0e8a?s=96&d=mm&r=g","height":96,"width":96}},"publisher":{"@type":"Organization","name":"SD SPORT","logo":{"@type":"ImageObject","@id":"https:\/\/sd-sport.si\/wp-content\/uploads\/2018\/04\/uradnilogo.jpg","url":"https:\/\/sd-sport.si\/wp-content\/uploads\/2018\/04\/uradnilogo.jpg","width":250,"height":50}},"image":{"@type":"ImageObject","@id":"https:\/\/sd-sport.si\/wp-content\/uploads\/2019\/09\/Arena-Zlatorog-Celje-pivovarna-lasko-dvorana-navijaci-florijani.jpg","url":"https:\/\/sd-sport.si\/wp-content\/uploads\/2019\/09\/Arena-Zlatorog-Celje-pivovarna-lasko-dvorana-navijaci-florijani.jpg","height":640,"width":960},"keywords":["Dika Mem","EHF liga prvakov","Florijani","naslovna","Rasisti\u010dna \u017ealitev","RK Celje Pivovarna La\u0161ko"]}]}