{"@context":"https:\/\/schema.org\/","@type":"CollectionPage","@id":"https:\/\/sd-sport.si\/tag\/denis-zavodnik\/#CollectionPage","headline":"Denis Zavodnik Tag","description":"","url":"https:\/\/sd-sport.si\/tag\/denis-zavodnik\/","hasPart":[{"@type":"NewsArticle","@id":"https:\/\/sd-sport.si\/v-svis-u-izkusena-prvoligaska-okrepitev\/","headline":"V SVI\u0160-u izku\u0161ena prvoliga\u0161ka okrepitev","url":"https:\/\/sd-sport.si\/v-svis-u-izkusena-prvoligaska-okrepitev\/","datePublished":"2019-08-08","dateModified":"2019-08-08","mainEntityOfPage":"https:\/\/sd-sport.si\/v-svis-u-izkusena-prvoligaska-okrepitev\/","author":{"@type":"Person","@id":"https:\/\/sd-sport.si\/author\/dpekec\/#Person","name":"Dominik Peke\u010d","url":"https:\/\/sd-sport.si\/author\/dpekec\/","description":"Glavni urednik rokometnega portala \u0160D \u0160port","image":{"@type":"ImageObject","@id":"https:\/\/secure.gravatar.com\/avatar\/0a03ff834bf273ecc8751080e69f0e8a?s=96&d=mm&r=g","url":"https:\/\/secure.gravatar.com\/avatar\/0a03ff834bf273ecc8751080e69f0e8a?s=96&d=mm&r=g","height":96,"width":96}},"publisher":{"@type":"Organization","name":"SD SPORT","logo":{"@type":"ImageObject","@id":"https:\/\/sd-sport.si\/wp-content\/uploads\/2018\/04\/uradnilogo.jpg","url":"https:\/\/sd-sport.si\/wp-content\/uploads\/2018\/04\/uradnilogo.jpg","width":250,"height":50}},"image":{"@type":"ImageObject","@id":"https:\/\/sd-sport.si\/wp-content\/uploads\/2019\/06\/Denis-Zavodnik-MRD-Dobova-RK-SVIS-Ivancna-Gorica-Liga-NLB-1.jpg","url":"https:\/\/sd-sport.si\/wp-content\/uploads\/2019\/06\/Denis-Zavodnik-MRD-Dobova-RK-SVIS-Ivancna-Gorica-Liga-NLB-1.jpg","height":639,"width":960},"keywords":["1. B DRL","Denis Zavodnik","naslovna","Prestop","RK SVI\u0160 Ivan\u010dna Gorica"]},{"@type":"NewsArticle","@id":"https:\/\/sd-sport.si\/optimisticni-ivanski-cilj-vrh-lestvice\/","headline":"Optimisti\u010dni ivan\u0161ki cilj vrh lestvice","url":"https:\/\/sd-sport.si\/optimisticni-ivanski-cilj-vrh-lestvice\/","datePublished":"2019-08-07","dateModified":"2019-08-07","mainEntityOfPage":"https:\/\/sd-sport.si\/optimisticni-ivanski-cilj-vrh-lestvice\/","author":{"@type":"Person","@id":"https:\/\/sd-sport.si\/author\/dpekec\/#Person","name":"Dominik Peke\u010d","url":"https:\/\/sd-sport.si\/author\/dpekec\/","description":"Glavni urednik rokometnega portala \u0160D \u0160port","image":{"@type":"ImageObject","@id":"https:\/\/secure.gravatar.com\/avatar\/0a03ff834bf273ecc8751080e69f0e8a?s=96&d=mm&r=g","url":"https:\/\/secure.gravatar.com\/avatar\/0a03ff834bf273ecc8751080e69f0e8a?s=96&d=mm&r=g","height":96,"width":96}},"publisher":{"@type":"Organization","name":"SD SPORT","logo":{"@type":"ImageObject","@id":"https:\/\/sd-sport.si\/wp-content\/uploads\/2018\/04\/uradnilogo.jpg","url":"https:\/\/sd-sport.si\/wp-content\/uploads\/2018\/04\/uradnilogo.jpg","width":250,"height":50}},"image":{"@type":"ImageObject","@id":"https:\/\/sd-sport.si\/wp-content\/uploads\/2019\/08\/RK-SVIS-Ivancna-Gorica-1.-B-DRL-zacetek-priprav-prvi-trening-avgust-2019.jpg","url":"https:\/\/sd-sport.si\/wp-content\/uploads\/2019\/08\/RK-SVIS-Ivancna-Gorica-1.-B-DRL-zacetek-priprav-prvi-trening-avgust-2019.jpg","height":640,"width":960},"keywords":["1. B DRL","Aleksander Polak","Denis Zavodnik","Jan Debelak","naslovna","RK SVI\u0160 Ivan\u010dna Gorica","Za\u010detek priprav"]},{"@type":"NewsArticle","@id":"https:\/\/sd-sport.si\/denis-zavodnik-koncuje-rokometno-pot\/","headline":"Denis Zavodnik kon\u010duje rokometno pot","url":"https:\/\/sd-sport.si\/denis-zavodnik-koncuje-rokometno-pot\/","datePublished":"2019-06-04","dateModified":"2019-06-04","mainEntityOfPage":"https:\/\/sd-sport.si\/denis-zavodnik-koncuje-rokometno-pot\/","author":{"@type":"Person","@id":"https:\/\/sd-sport.si\/author\/dpekec\/#Person","name":"Dominik Peke\u010d","url":"https:\/\/sd-sport.si\/author\/dpekec\/","description":"Glavni urednik rokometnega portala \u0160D \u0160port","image":{"@type":"ImageObject","@id":"https:\/\/secure.gravatar.com\/avatar\/0a03ff834bf273ecc8751080e69f0e8a?s=96&d=mm&r=g","url":"https:\/\/secure.gravatar.com\/avatar\/0a03ff834bf273ecc8751080e69f0e8a?s=96&d=mm&r=g","height":96,"width":96}},"publisher":{"@type":"Organization","name":"SD SPORT","logo":{"@type":"ImageObject","@id":"https:\/\/sd-sport.si\/wp-content\/uploads\/2018\/04\/uradnilogo.jpg","url":"https:\/\/sd-sport.si\/wp-content\/uploads\/2018\/04\/uradnilogo.jpg","width":250,"height":50}},"image":{"@type":"ImageObject","@id":"https:\/\/sd-sport.si\/wp-content\/uploads\/2019\/06\/Denis-Zavodnik-MRD-Dobova-RK-SVIS-Ivancna-Gorica-Liga-NLB.jpg","url":"https:\/\/sd-sport.si\/wp-content\/uploads\/2019\/06\/Denis-Zavodnik-MRD-Dobova-RK-SVIS-Ivancna-Gorica-Liga-NLB.jpg","height":639,"width":960},"keywords":["Denis Zavodnik","konec kariere","Liga NLB","MRD Dobova","naslovna"]}]}