{"@context":"https:\/\/schema.org\/","@type":"CollectionPage","@id":"https:\/\/sd-sport.si\/tag\/david-pekec\/#CollectionPage","headline":"David Peke\u010d Tag","description":"","url":"https:\/\/sd-sport.si\/tag\/david-pekec\/","hasPart":[{"@type":"NewsArticle","@id":"https:\/\/sd-sport.si\/izanci-nocoj-v-boj-z-rivali-grosupeljcani\/","headline":"I\u017eanci nocoj v boj z rivali Grosupelj\u010dani","url":"https:\/\/sd-sport.si\/izanci-nocoj-v-boj-z-rivali-grosupeljcani\/","datePublished":"2020-10-09","dateModified":"2020-10-10","mainEntityOfPage":"https:\/\/sd-sport.si\/izanci-nocoj-v-boj-z-rivali-grosupeljcani\/","author":{"@type":"Person","@id":"https:\/\/sd-sport.si\/author\/dpekec\/#Person","name":"Dominik Peke\u010d","url":"https:\/\/sd-sport.si\/author\/dpekec\/","description":"Glavni urednik rokometnega portala \u0160D \u0160port","image":{"@type":"ImageObject","@id":"https:\/\/secure.gravatar.com\/avatar\/0a03ff834bf273ecc8751080e69f0e8a?s=96&d=mm&r=g","url":"https:\/\/secure.gravatar.com\/avatar\/0a03ff834bf273ecc8751080e69f0e8a?s=96&d=mm&r=g","height":96,"width":96}},"publisher":{"@type":"Organization","name":"SD SPORT","logo":{"@type":"ImageObject","@id":"https:\/\/sd-sport.si\/wp-content\/uploads\/2018\/04\/uradnilogo.jpg","url":"https:\/\/sd-sport.si\/wp-content\/uploads\/2018\/04\/uradnilogo.jpg","width":250,"height":50}},"image":{"@type":"ImageObject","@id":"https:\/\/sd-sport.si\/wp-content\/uploads\/2020\/09\/RK-Mokerc-KIG-RD-Alples-Zelezniki-1.-B-DRL-26.9.2020-33.jpg","url":"https:\/\/sd-sport.si\/wp-content\/uploads\/2020\/09\/RK-Mokerc-KIG-RD-Alples-Zelezniki-1.-B-DRL-26.9.2020-33.jpg","height":640,"width":960},"keywords":["1. B DRL","David Peke\u010d","naslovna","RD Alples \u017delezniki","RD Herz \u0160martno","RK Bre\u017eice","RK Grosuplje","RK Mokerc - KIG","Sosedski derbi","\u0160RD \u0160kofljica Pekarna Pe\u010djak"]},{"@type":"NewsArticle","@id":"https:\/\/sd-sport.si\/v-mokerc-prihajata-dva-nekdanja-ivancana\/","headline":"V Mokerc prihajata dva nekdanja Ivan\u010dana","url":"https:\/\/sd-sport.si\/v-mokerc-prihajata-dva-nekdanja-ivancana\/","datePublished":"2020-06-05","dateModified":"2020-06-05","mainEntityOfPage":"https:\/\/sd-sport.si\/v-mokerc-prihajata-dva-nekdanja-ivancana\/","author":{"@type":"Person","@id":"https:\/\/sd-sport.si\/author\/dpekec\/#Person","name":"Dominik Peke\u010d","url":"https:\/\/sd-sport.si\/author\/dpekec\/","description":"Glavni urednik rokometnega portala \u0160D \u0160port","image":{"@type":"ImageObject","@id":"https:\/\/secure.gravatar.com\/avatar\/0a03ff834bf273ecc8751080e69f0e8a?s=96&d=mm&r=g","url":"https:\/\/secure.gravatar.com\/avatar\/0a03ff834bf273ecc8751080e69f0e8a?s=96&d=mm&r=g","height":96,"width":96}},"publisher":{"@type":"Organization","name":"SD SPORT","logo":{"@type":"ImageObject","@id":"https:\/\/sd-sport.si\/wp-content\/uploads\/2018\/04\/uradnilogo.jpg","url":"https:\/\/sd-sport.si\/wp-content\/uploads\/2018\/04\/uradnilogo.jpg","width":250,"height":50}},"image":{"@type":"ImageObject","@id":"https:\/\/sd-sport.si\/wp-content\/uploads\/2020\/06\/Simon-Stopar-David-Pekec-1.-B-DRL-RK-Mokerc-KIG.jpg","url":"https:\/\/sd-sport.si\/wp-content\/uploads\/2020\/06\/Simon-Stopar-David-Pekec-1.-B-DRL-RK-Mokerc-KIG.jpg","height":640,"width":960},"keywords":["1. B DRL","David Peke\u010d","naslovna","Prestop","RK Mokerc - KIG","Simon Stopar"]},{"@type":"NewsArticle","@id":"https:\/\/sd-sport.si\/david-pekec-najboljsi-vratar-1-b-drl-minule-sezone\/","headline":"David Peke\u010d najbolj\u0161i vratar 1. B DRL minule sezone!","url":"https:\/\/sd-sport.si\/david-pekec-najboljsi-vratar-1-b-drl-minule-sezone\/","datePublished":"2020-05-23","dateModified":"2020-05-23","mainEntityOfPage":"https:\/\/sd-sport.si\/david-pekec-najboljsi-vratar-1-b-drl-minule-sezone\/","author":{"@type":"Person","@id":"https:\/\/sd-sport.si\/author\/dpekec\/#Person","name":"Dominik Peke\u010d","url":"https:\/\/sd-sport.si\/author\/dpekec\/","description":"Glavni urednik rokometnega portala \u0160D \u0160port","image":{"@type":"ImageObject","@id":"https:\/\/secure.gravatar.com\/avatar\/0a03ff834bf273ecc8751080e69f0e8a?s=96&d=mm&r=g","url":"https:\/\/secure.gravatar.com\/avatar\/0a03ff834bf273ecc8751080e69f0e8a?s=96&d=mm&r=g","height":96,"width":96}},"publisher":{"@type":"Organization","name":"SD SPORT","logo":{"@type":"ImageObject","@id":"https:\/\/sd-sport.si\/wp-content\/uploads\/2018\/04\/uradnilogo.jpg","url":"https:\/\/sd-sport.si\/wp-content\/uploads\/2018\/04\/uradnilogo.jpg","width":250,"height":50}},"image":{"@type":"ImageObject","@id":"https:\/\/sd-sport.si\/wp-content\/uploads\/2019\/11\/RK-GROSUPLJE-RK-SVIS-IVANCNA-GORICA-1.-B-DRL-LOKALNI-DERBI-22.11.2019-35-david-pekec.jpg","url":"https:\/\/sd-sport.si\/wp-content\/uploads\/2019\/11\/RK-GROSUPLJE-RK-SVIS-IVANCNA-GORICA-1.-B-DRL-LOKALNI-DERBI-22.11.2019-35-david-pekec.jpg","height":640,"width":960},"keywords":["1. B DRL","David Peke\u010d","Najbolj\u0161i vratar 1. B DRL","naslovna","RK Grosuplje"]},{"@type":"NewsArticle","@id":"https:\/\/sd-sport.si\/drugoligasi-bijejo-bitko-z-obstankom\/","headline":"Drugoliga\u0161i bijejo bitko z obstankom","url":"https:\/\/sd-sport.si\/drugoligasi-bijejo-bitko-z-obstankom\/","datePublished":"2020-02-07","dateModified":"2020-02-07","mainEntityOfPage":"https:\/\/sd-sport.si\/drugoligasi-bijejo-bitko-z-obstankom\/","author":{"@type":"Person","@id":"https:\/\/sd-sport.si\/author\/dpekec\/#Person","name":"Dominik Peke\u010d","url":"https:\/\/sd-sport.si\/author\/dpekec\/","description":"Glavni urednik rokometnega portala \u0160D \u0160port","image":{"@type":"ImageObject","@id":"https:\/\/secure.gravatar.com\/avatar\/0a03ff834bf273ecc8751080e69f0e8a?s=96&d=mm&r=g","url":"https:\/\/secure.gravatar.com\/avatar\/0a03ff834bf273ecc8751080e69f0e8a?s=96&d=mm&r=g","height":96,"width":96}},"publisher":{"@type":"Organization","name":"SD SPORT","logo":{"@type":"ImageObject","@id":"https:\/\/sd-sport.si\/wp-content\/uploads\/2018\/04\/uradnilogo.jpg","url":"https:\/\/sd-sport.si\/wp-content\/uploads\/2018\/04\/uradnilogo.jpg","width":250,"height":50}},"image":{"@type":"ImageObject","@id":"https:\/\/sd-sport.si\/wp-content\/uploads\/2019\/11\/RK-GROSUPLJE-RK-SVIS-IVANCNA-GORICA-1.-B-DRL-LOKALNI-DERBI-22.11.2019-28-zan-zakosek.jpg","url":"https:\/\/sd-sport.si\/wp-content\/uploads\/2019\/11\/RK-GROSUPLJE-RK-SVIS-IVANCNA-GORICA-1.-B-DRL-LOKALNI-DERBI-22.11.2019-28-zan-zakosek.jpg","height":640,"width":960},"keywords":["1. B DRL","David Peke\u010d","naslovna","Patrik Glaser","RD Herz \u0160martno","RK Bre\u017eice","RK Drava Ptuj","RK Grosuplje","RK Kr\u0161ko","\u0160RD \u0160kofljica"]},{"@type":"NewsArticle","@id":"https:\/\/sd-sport.si\/mikrobitka-rivalov-ki-ju-loci-le-visnjegorski-klanec\/","headline":"Mikrobitka rivalov, ki ju lo\u010di le vi\u0161njegorski klanec","url":"https:\/\/sd-sport.si\/mikrobitka-rivalov-ki-ju-loci-le-visnjegorski-klanec\/","datePublished":"2019-11-21","dateModified":"2019-11-22","mainEntityOfPage":"https:\/\/sd-sport.si\/mikrobitka-rivalov-ki-ju-loci-le-visnjegorski-klanec\/","author":{"@type":"Person","@id":"https:\/\/sd-sport.si\/author\/dpekec\/#Person","name":"Dominik Peke\u010d","url":"https:\/\/sd-sport.si\/author\/dpekec\/","description":"Glavni urednik rokometnega portala \u0160D \u0160port","image":{"@type":"ImageObject","@id":"https:\/\/secure.gravatar.com\/avatar\/0a03ff834bf273ecc8751080e69f0e8a?s=96&d=mm&r=g","url":"https:\/\/secure.gravatar.com\/avatar\/0a03ff834bf273ecc8751080e69f0e8a?s=96&d=mm&r=g","height":96,"width":96}},"publisher":{"@type":"Organization","name":"SD SPORT","logo":{"@type":"ImageObject","@id":"https:\/\/sd-sport.si\/wp-content\/uploads\/2018\/04\/uradnilogo.jpg","url":"https:\/\/sd-sport.si\/wp-content\/uploads\/2018\/04\/uradnilogo.jpg","width":250,"height":50}},"image":{"@type":"ImageObject","@id":"https:\/\/sd-sport.si\/wp-content\/uploads\/2019\/11\/DOLENJSKI-EL-CLASICO-RK-GROSUPLJE-RK-SVIS-1.png","url":"https:\/\/sd-sport.si\/wp-content\/uploads\/2019\/11\/DOLENJSKI-EL-CLASICO-RK-GROSUPLJE-RK-SVIS-1.png","height":640,"width":960},"keywords":["1. B DRL","Ale\u0161 Vidic","An\u017ee Kitak","David Peke\u010d","Dolenjski el clasico","Milo\u0161 Aksentijevi\u0107","naslovna","RK Grosuplje","RK SVI\u0160 Ivan\u010dna Gorica","Simon Stopar"]},{"@type":"NewsArticle","@id":"https:\/\/sd-sport.si\/kodeljevcani-ostajajo-neporazeni-grosupeljcani-na-krilih-vratarja-slavili-v-radecah\/","headline":"Kodeljev\u010dani ostajajo nepora\u017eeni, Grosupelj\u010dani na krilih vratarja slavili v Rade\u010dah","url":"https:\/\/sd-sport.si\/kodeljevcani-ostajajo-neporazeni-grosupeljcani-na-krilih-vratarja-slavili-v-radecah\/","datePublished":"2019-11-16","dateModified":"2019-11-16","mainEntityOfPage":"https:\/\/sd-sport.si\/kodeljevcani-ostajajo-neporazeni-grosupeljcani-na-krilih-vratarja-slavili-v-radecah\/","author":{"@type":"Person","@id":"https:\/\/sd-sport.si\/author\/dpekec\/#Person","name":"Dominik Peke\u010d","url":"https:\/\/sd-sport.si\/author\/dpekec\/","description":"Glavni urednik rokometnega portala \u0160D \u0160port","image":{"@type":"ImageObject","@id":"https:\/\/secure.gravatar.com\/avatar\/0a03ff834bf273ecc8751080e69f0e8a?s=96&d=mm&r=g","url":"https:\/\/secure.gravatar.com\/avatar\/0a03ff834bf273ecc8751080e69f0e8a?s=96&d=mm&r=g","height":96,"width":96}},"publisher":{"@type":"Organization","name":"SD SPORT","logo":{"@type":"ImageObject","@id":"https:\/\/sd-sport.si\/wp-content\/uploads\/2018\/04\/uradnilogo.jpg","url":"https:\/\/sd-sport.si\/wp-content\/uploads\/2018\/04\/uradnilogo.jpg","width":250,"height":50}},"image":{"@type":"ImageObject","@id":"https:\/\/sd-sport.si\/wp-content\/uploads\/2019\/10\/RD-LL-Grosist-Slovan-RK-Grosuplje-1.-B-DRL-8.jpg","url":"https:\/\/sd-sport.si\/wp-content\/uploads\/2019\/10\/RD-LL-Grosist-Slovan-RK-Grosuplje-1.-B-DRL-8.jpg","height":640,"width":960},"keywords":["1. B DRL","ale\u0161 repina","David Peke\u010d","naslovna","RD LL Grosist Slovan","RK Bre\u017eice","RK Dol TKI Hrastnik","RK Grosuplje","RK Mokerc - KIG","RK Rade\u010de Papir Nova"]},{"@type":"NewsArticle","@id":"https:\/\/sd-sport.si\/grosupeljcani-zelijo-z-ugodnim-zrebom-ter-na-krilih-navijacev-premagati-ajdovscino\/","headline":"Grosupelj\u010dani \u017eelijo z ugodnim \u017erebom ter na krilih navija\u010dev premagati Ajdov\u0161\u010dino","url":"https:\/\/sd-sport.si\/grosupeljcani-zelijo-z-ugodnim-zrebom-ter-na-krilih-navijacev-premagati-ajdovscino\/","datePublished":"2018-12-18","dateModified":"2018-12-18","mainEntityOfPage":"https:\/\/sd-sport.si\/grosupeljcani-zelijo-z-ugodnim-zrebom-ter-na-krilih-navijacev-premagati-ajdovscino\/","author":{"@type":"Person","@id":"https:\/\/sd-sport.si\/author\/dpekec\/#Person","name":"Dominik Peke\u010d","url":"https:\/\/sd-sport.si\/author\/dpekec\/","description":"Glavni urednik rokometnega portala \u0160D \u0160port","image":{"@type":"ImageObject","@id":"https:\/\/secure.gravatar.com\/avatar\/0a03ff834bf273ecc8751080e69f0e8a?s=96&d=mm&r=g","url":"https:\/\/secure.gravatar.com\/avatar\/0a03ff834bf273ecc8751080e69f0e8a?s=96&d=mm&r=g","height":96,"width":96}},"publisher":{"@type":"Organization","name":"SD SPORT","logo":{"@type":"ImageObject","@id":"https:\/\/sd-sport.si\/wp-content\/uploads\/2018\/04\/uradnilogo.jpg","url":"https:\/\/sd-sport.si\/wp-content\/uploads\/2018\/04\/uradnilogo.jpg","width":250,"height":50}},"image":{"@type":"ImageObject","@id":"https:\/\/sd-sport.si\/wp-content\/uploads\/2018\/12\/RK-Grosuplje-RK-Kronos-Logatec-2.-DRL-4.jpg","url":"https:\/\/sd-sport.si\/wp-content\/uploads\/2018\/12\/RK-Grosuplje-RK-Kronos-Logatec-2.-DRL-4.jpg","height":640,"width":960},"keywords":["David Peke\u010d","naslovna","pokal Slovenije","RK Ajdov\u0161\u010dina","RK Grosuplje"]}]}