{"@context":"https:\/\/schema.org\/","@type":"CollectionPage","@id":"https:\/\/sd-sport.si\/tag\/dani-olmo\/#CollectionPage","headline":"Dani Olmo Tag","description":"","url":"https:\/\/sd-sport.si\/tag\/dani-olmo\/","hasPart":[{"@type":"NewsArticle","@id":"https:\/\/sd-sport.si\/hrvaska-zeli-naturalizirati-spanskega-dragulja-ki-igra-za-zagrebski-dinamo\/","headline":"Hrva\u0161ka \u017eeli naturalizirati \u0161panskega dragulja, ki igra za zagreb\u0161ki Dinamo!","url":"https:\/\/sd-sport.si\/hrvaska-zeli-naturalizirati-spanskega-dragulja-ki-igra-za-zagrebski-dinamo\/","datePublished":"2017-12-09","dateModified":"2017-12-09","mainEntityOfPage":"https:\/\/sd-sport.si\/hrvaska-zeli-naturalizirati-spanskega-dragulja-ki-igra-za-zagrebski-dinamo\/","author":{"@type":"Person","@id":"https:\/\/sd-sport.si\/author\/sd-sport\/#Person","name":"\u0160D \u0160port","url":"https:\/\/sd-sport.si\/author\/sd-sport\/","image":{"@type":"ImageObject","@id":"https:\/\/secure.gravatar.com\/avatar\/a6e73db262bc2a5ebc8120f7074561e5?s=96&d=mm&r=g","url":"https:\/\/secure.gravatar.com\/avatar\/a6e73db262bc2a5ebc8120f7074561e5?s=96&d=mm&r=g","height":96,"width":96}},"publisher":{"@type":"Organization","name":"SD SPORT","logo":{"@type":"ImageObject","@id":"https:\/\/sd-sport.si\/wp-content\/uploads\/2018\/04\/uradnilogo.jpg","url":"https:\/\/sd-sport.si\/wp-content\/uploads\/2018\/04\/uradnilogo.jpg","width":250,"height":50}},"image":{"@type":"ImageObject","@id":"https:\/\/sd-sport.si\/wp-content\/uploads\/2017\/12\/dani-olmo-dinamo_1nolwnqv17m6h1pe6o1f1lfxph.jpg","url":"https:\/\/sd-sport.si\/wp-content\/uploads\/2017\/12\/dani-olmo-dinamo_1nolwnqv17m6h1pe6o1f1lfxph.jpg","height":1080,"width":1920},"keywords":["Dani Olmo","Hrva\u0161ka nogometna reprezentanca","naslovna","NK Dinamo Zagreb","nogomet"]}]}