{"@context":"https:\/\/schema.org\/","@type":"CollectionPage","@id":"https:\/\/sd-sport.si\/tag\/anze-dobovicnik\/#CollectionPage","headline":"An\u017ee Dobovi\u010dnik Tag","description":"","url":"https:\/\/sd-sport.si\/tag\/anze-dobovicnik\/","hasPart":[{"@type":"NewsArticle","@id":"https:\/\/sd-sport.si\/dobovicnik-v-trimu-do-leta-2022\/","headline":"Dobovi\u010dnik v Trimu do leta 2022","url":"https:\/\/sd-sport.si\/dobovicnik-v-trimu-do-leta-2022\/","datePublished":"2020-03-24","dateModified":"2020-03-24","mainEntityOfPage":"https:\/\/sd-sport.si\/dobovicnik-v-trimu-do-leta-2022\/","author":{"@type":"Person","@id":"https:\/\/sd-sport.si\/author\/dpekec\/#Person","name":"Dominik Peke\u010d","url":"https:\/\/sd-sport.si\/author\/dpekec\/","description":"Glavni urednik rokometnega portala \u0160D \u0160port","image":{"@type":"ImageObject","@id":"https:\/\/secure.gravatar.com\/avatar\/0a03ff834bf273ecc8751080e69f0e8a?s=96&d=mm&r=g","url":"https:\/\/secure.gravatar.com\/avatar\/0a03ff834bf273ecc8751080e69f0e8a?s=96&d=mm&r=g","height":96,"width":96}},"publisher":{"@type":"Organization","name":"SD SPORT","logo":{"@type":"ImageObject","@id":"https:\/\/sd-sport.si\/wp-content\/uploads\/2018\/04\/uradnilogo.jpg","url":"https:\/\/sd-sport.si\/wp-content\/uploads\/2018\/04\/uradnilogo.jpg","width":250,"height":50}},"image":{"@type":"ImageObject","@id":"https:\/\/sd-sport.si\/wp-content\/uploads\/2020\/02\/RK-Trimo-Trebnje-MRK-Krka-Novo-mesto-sosedski-derbi-18.-krog-Liga-NLB-14.2.2020-21.jpg","url":"https:\/\/sd-sport.si\/wp-content\/uploads\/2020\/02\/RK-Trimo-Trebnje-MRK-Krka-Novo-mesto-sosedski-derbi-18.-krog-Liga-NLB-14.2.2020-21.jpg","height":640,"width":960},"keywords":["An\u017ee Dobovi\u010dnik","Liga NLB","naslovna","RK Trimo Trebnje"]},{"@type":"NewsArticle","@id":"https:\/\/sd-sport.si\/video-intervju-kotar-in-dobovicnik-se-rada-spominjata-naslova-evropskih-mladinskih-prvakov\/","headline":"VIDEO INTERVJU: Kotar in Dobovi\u010dnik se rada spominjata naslova evropskih mladinskih prvakov","url":"https:\/\/sd-sport.si\/video-intervju-kotar-in-dobovicnik-se-rada-spominjata-naslova-evropskih-mladinskih-prvakov\/","datePublished":"2018-10-05","dateModified":"2018-10-05","mainEntityOfPage":"https:\/\/sd-sport.si\/video-intervju-kotar-in-dobovicnik-se-rada-spominjata-naslova-evropskih-mladinskih-prvakov\/","author":{"@type":"Person","@id":"https:\/\/sd-sport.si\/author\/dpekec\/#Person","name":"Dominik Peke\u010d","url":"https:\/\/sd-sport.si\/author\/dpekec\/","description":"Glavni urednik rokometnega portala \u0160D \u0160port","image":{"@type":"ImageObject","@id":"https:\/\/secure.gravatar.com\/avatar\/0a03ff834bf273ecc8751080e69f0e8a?s=96&d=mm&r=g","url":"https:\/\/secure.gravatar.com\/avatar\/0a03ff834bf273ecc8751080e69f0e8a?s=96&d=mm&r=g","height":96,"width":96}},"publisher":{"@type":"Organization","name":"SD SPORT","logo":{"@type":"ImageObject","@id":"https:\/\/sd-sport.si\/wp-content\/uploads\/2018\/04\/uradnilogo.jpg","url":"https:\/\/sd-sport.si\/wp-content\/uploads\/2018\/04\/uradnilogo.jpg","width":250,"height":50}},"image":{"@type":"ImageObject","@id":"https:\/\/sd-sport.si\/wp-content\/uploads\/2018\/10\/VIDEO-INTERVJU_-MARKO-KOTAR-IN-AN\u017dE-DOBOVI\u010cNIK.jpg","url":"https:\/\/sd-sport.si\/wp-content\/uploads\/2018\/10\/VIDEO-INTERVJU_-MARKO-KOTAR-IN-AN\u017dE-DOBOVI\u010cNIK.jpg","height":500,"width":850},"keywords":["An\u017ee Dobovi\u010dnik","intervju","Marko Kotar","naslovna","NLB liga","RK Trimo Trebnje"]}]}