{"@context":"https:\/\/schema.org\/","@type":"CollectionPage","@id":"https:\/\/sd-sport.si\/tag\/andy-schmid\/#CollectionPage","headline":"Andy Schmid Tag","description":"","url":"https:\/\/sd-sport.si\/tag\/andy-schmid\/","hasPart":[{"@type":"NewsArticle","@id":"https:\/\/sd-sport.si\/video-vrhunsko-potezo-mladih-slovencev-vseckal-tudi-zvezdnik-bundeslige\/","headline":"VIDEO: Vrhunsko potezo mladih Slovencev v\u0161e\u010dkal tudi zvezdnik Bundeslige","url":"https:\/\/sd-sport.si\/video-vrhunsko-potezo-mladih-slovencev-vseckal-tudi-zvezdnik-bundeslige\/","datePublished":"2019-04-25","dateModified":"2019-04-25","mainEntityOfPage":"https:\/\/sd-sport.si\/video-vrhunsko-potezo-mladih-slovencev-vseckal-tudi-zvezdnik-bundeslige\/","author":{"@type":"Person","@id":"https:\/\/sd-sport.si\/author\/dpekec\/#Person","name":"Dominik Peke\u010d","url":"https:\/\/sd-sport.si\/author\/dpekec\/","description":"Glavni urednik rokometnega portala \u0160D \u0160port","image":{"@type":"ImageObject","@id":"https:\/\/secure.gravatar.com\/avatar\/0a03ff834bf273ecc8751080e69f0e8a?s=96&d=mm&r=g","url":"https:\/\/secure.gravatar.com\/avatar\/0a03ff834bf273ecc8751080e69f0e8a?s=96&d=mm&r=g","height":96,"width":96}},"publisher":{"@type":"Organization","name":"SD SPORT","logo":{"@type":"ImageObject","@id":"https:\/\/sd-sport.si\/wp-content\/uploads\/2018\/04\/uradnilogo.jpg","url":"https:\/\/sd-sport.si\/wp-content\/uploads\/2018\/04\/uradnilogo.jpg","width":250,"height":50}},"image":{"@type":"ImageObject","@id":"https:\/\/sd-sport.si\/wp-content\/uploads\/2019\/04\/Zan-Gorisek-Denis-Tabakovic-RD-Mokerc-Kig-RD-LL-Grosist-Slovan-1.-B-DRL-Atanasov.jpg","url":"https:\/\/sd-sport.si\/wp-content\/uploads\/2019\/04\/Zan-Gorisek-Denis-Tabakovic-RD-Mokerc-Kig-RD-LL-Grosist-Slovan-1.-B-DRL-Atanasov.jpg","height":640,"width":960},"keywords":["1. B DRL","Andy Schmid","Denis Tabakovi\u0107","naslovna","RK Mokerc - KIG","VIDEO","Vrhunska poteza","\u017dan Gori\u0161ek"]},{"@type":"NewsArticle","@id":"https:\/\/sd-sport.si\/andy-schmid-ostaja-zvest-rhein-neckarju-vse-do-konca-svoje-kariere\/","headline":"Andy Schmid ostaja zvest Rhein Neckarju vse do konca svoje kariere","url":"https:\/\/sd-sport.si\/andy-schmid-ostaja-zvest-rhein-neckarju-vse-do-konca-svoje-kariere\/","datePublished":"2018-10-10","dateModified":"2018-10-10","mainEntityOfPage":"https:\/\/sd-sport.si\/andy-schmid-ostaja-zvest-rhein-neckarju-vse-do-konca-svoje-kariere\/","author":{"@type":"Person","@id":"https:\/\/sd-sport.si\/author\/dpekec\/#Person","name":"Dominik Peke\u010d","url":"https:\/\/sd-sport.si\/author\/dpekec\/","description":"Glavni urednik rokometnega portala \u0160D \u0160port","image":{"@type":"ImageObject","@id":"https:\/\/secure.gravatar.com\/avatar\/0a03ff834bf273ecc8751080e69f0e8a?s=96&d=mm&r=g","url":"https:\/\/secure.gravatar.com\/avatar\/0a03ff834bf273ecc8751080e69f0e8a?s=96&d=mm&r=g","height":96,"width":96}},"publisher":{"@type":"Organization","name":"SD SPORT","logo":{"@type":"ImageObject","@id":"https:\/\/sd-sport.si\/wp-content\/uploads\/2018\/04\/uradnilogo.jpg","url":"https:\/\/sd-sport.si\/wp-content\/uploads\/2018\/04\/uradnilogo.jpg","width":250,"height":50}},"image":{"@type":"ImageObject","@id":"https:\/\/sd-sport.si\/wp-content\/uploads\/2018\/10\/20150106_1902_Handball_AUTSUI_7432.jpg","url":"https:\/\/sd-sport.si\/wp-content\/uploads\/2018\/10\/20150106_1902_Handball_AUTSUI_7432.jpg","height":930,"width":619},"keywords":["Andy Schmid","naslovna","Rhein Neckar L\u00f6wen"]}]}