[{"@context":"https:\/\/schema.org\/","@type":"NewsArticle","@id":"https:\/\/sd-sport.si\/palmarsson-tudi-uradno-v-barceloni\/#NewsArticle","mainEntityOfPage":"https:\/\/sd-sport.si\/palmarsson-tudi-uradno-v-barceloni\/","headline":"Palmarsson tudi uradno v Barceloni !","name":"Palmarsson tudi uradno v Barceloni !","description":"Aron Palmarsson je pred dnevi uradno podpisal pogodbo s \u0161panskim rokometnim prvakom Barcelono, pri\u0161el pa je iz mad\u017earskega Veszprema, kjer je bil suspendiran. Islandec naj bi 15 minut pred za\u010detkom prvega treninga v sezoni sporo\u010dil trenerju Ljubomirju Vranje\u0161u, da mora zaradi osebnih razlogov leteti na Islandijo, zato ga je trener zaradi nediscipline suspendiral. Tik po […]","datePublished":"2017-10-25","dateModified":"2017-10-25","author":{"@type":"Person","@id":"https:\/\/sd-sport.si\/author\/dpekec\/#Person","name":"Dominik Peke\u010d","url":"https:\/\/sd-sport.si\/author\/dpekec\/","image":{"@type":"ImageObject","@id":"https:\/\/secure.gravatar.com\/avatar\/0a03ff834bf273ecc8751080e69f0e8a?s=96&d=mm&r=g","url":"https:\/\/secure.gravatar.com\/avatar\/0a03ff834bf273ecc8751080e69f0e8a?s=96&d=mm&r=g","height":96,"width":96}},"publisher":{"@type":"Organization","name":"SD SPORT","logo":{"@type":"ImageObject","@id":"https:\/\/sd-sport.si\/wp-content\/uploads\/2018\/04\/uradnilogo.jpg","url":"https:\/\/sd-sport.si\/wp-content\/uploads\/2018\/04\/uradnilogo.jpg","width":250,"height":50}},"image":{"@type":"ImageObject","@id":"https:\/\/sd-sport.si\/wp-content\/uploads\/2017\/10\/palmarson-barcelona.jpg","url":"https:\/\/sd-sport.si\/wp-content\/uploads\/2017\/10\/palmarson-barcelona.jpg","height":638,"width":960},"url":"https:\/\/sd-sport.si\/palmarsson-tudi-uradno-v-barceloni\/","about":["Evropska tekmovanja"],"wordCount":121,"keywords":["Aron Palmarsson","Barcelona","naslovna","Nova okrepitev","rokomet"],"articleBody":"Aron Palmarsson je pred dnevi uradno podpisal pogodbo s \u0161panskim rokometnim prvakom Barcelono, pri\u0161el pa je iz mad\u017earskega Veszprema, kjer je bil suspendiran.Islandec naj bi 15 minut pred za\u010detkom prvega treninga v sezoni sporo\u010dil trenerju Ljubomirju Vranje\u0161u, da mora zaradi osebnih razlogov leteti na Islandijo, zato ga je trener zaradi nediscipline suspendiral.Tik po tem pa se je zanj zanimala Barcelona, po ponudbi pa ga Veszprem ni hotel dati ni\u010d manj kot za milijon. Barcelona je nato nujno potrebovala okrepitev, saj se jim je po\u0161kodoval levi zunanji Lasse Anderson. 192 cm visoki Palmarsson bo za Barcelono debitiral v prihodnjem mesecu, pogodbo pa je podpisal do leta 2021."},{"@context":"https:\/\/schema.org\/","@type":"BreadcrumbList","itemListElement":[{"@type":"ListItem","position":1,"name":"Palmarsson tudi uradno v Barceloni !","item":"https:\/\/sd-sport.si\/palmarsson-tudi-uradno-v-barceloni\/#breadcrumbitem"}]}]