[{"@context":"https:\/\/schema.org\/","@type":"NewsArticle","@id":"https:\/\/sd-sport.si\/nekdanji-trener-celjanov-bo-sedel-na-klop-nekdanjega-bundesligasa\/#NewsArticle","mainEntityOfPage":"https:\/\/sd-sport.si\/nekdanji-trener-celjanov-bo-sedel-na-klop-nekdanjega-bundesligasa\/","headline":"Nekdanji trener Celjanov bo sedel na klop nekdanjega Bundesliga\u0161a","name":"Nekdanji trener Celjanov bo sedel na klop nekdanjega Bundesliga\u0161a","description":"Nekdanji trener Celja Pivovarne La\u0161ko in precej znano ima v trenerskem svetu, Sead Hasenefendi\u0107, bo v prihodnji sezoni sedel na klop nekdanjega Bundesliga\u0161a, Eisenacha, ki je v leto\u0161nji sezoni izpadel \u0161ele v tretjo nem\u0161ko ligo. Mo\u0161tvo, ki je \u0161e pred nekaj leti igralo v najmo\u010dnej\u0161i ligi na svetu, se letos seli v tretji kakovostni rang […]","datePublished":"2018-06-22","dateModified":"2018-06-22","author":{"@type":"Person","@id":"https:\/\/sd-sport.si\/author\/dpekec\/#Person","name":"Dominik Peke\u010d","url":"https:\/\/sd-sport.si\/author\/dpekec\/","image":{"@type":"ImageObject","@id":"https:\/\/secure.gravatar.com\/avatar\/0a03ff834bf273ecc8751080e69f0e8a?s=96&d=mm&r=g","url":"https:\/\/secure.gravatar.com\/avatar\/0a03ff834bf273ecc8751080e69f0e8a?s=96&d=mm&r=g","height":96,"width":96}},"publisher":{"@type":"Organization","name":"SD SPORT","logo":{"@type":"ImageObject","@id":"https:\/\/sd-sport.si\/wp-content\/uploads\/2018\/04\/uradnilogo.jpg","url":"https:\/\/sd-sport.si\/wp-content\/uploads\/2018\/04\/uradnilogo.jpg","width":250,"height":50}},"image":{"@type":"ImageObject","@id":"https:\/\/sd-sport.si\/wp-content\/uploads\/2018\/06\/Sead-Hasanefendic-Eisenach-Gummersbach-Celje-Pivovarna-La\u0161ko.jpg","url":"https:\/\/sd-sport.si\/wp-content\/uploads\/2018\/06\/Sead-Hasanefendic-Eisenach-Gummersbach-Celje-Pivovarna-La\u0161ko.jpg","height":1200,"width":1200},"url":"https:\/\/sd-sport.si\/nekdanji-trener-celjanov-bo-sedel-na-klop-nekdanjega-bundesligasa\/","about":["Tuja prvenstva"],"wordCount":206,"keywords":["naslovna","rokomet","Sead Hasenefendi\u0107","ThSV Eisenach","Tuja prvenstva"],"articleBody":"Nekdanji trener Celja Pivovarne La\u0161ko in precej znano ima v trenerskem svetu, Sead Hasenefendi\u0107, bo v prihodnji sezoni sedel na klop nekdanjega Bundesliga\u0161a, Eisenacha, ki je v leto\u0161nji sezoni izpadel \u0161ele v tretjo nem\u0161ko ligo.Mo\u0161tvo, ki je \u0161e pred nekaj leti igralo v najmo\u010dnej\u0161i ligi na svetu, se letos seli v tretji kakovostni rang nem\u0161kega rokometa. Eisenach je najvi\u0161jo uvrstitev v Bundesligi dosegel davnega leta 2002, ko je zasedel 10. mesto. V tistem obdobju je v najkakovostnej\u0161em nem\u0161kem rokometnem tekmovanju, neprestano uspel igrati kar sedem sezon. A tisti \u00bbzlati\u00ab \u010dasi so \u017ee mimo.Letos se klub seli v tretjo nem\u0161ko ligo, uprava pa je na trenerski stol\u010dek postavila nekdanjo rokometno legendo, Seada Hasenefendi\u0107a, ki je med letoma 1998 in 2000 celo vodil Celje Pivovarno La\u0161ko. Nazadnje je bil trener pri Gummersbachu. Poleg tega je bil tudi selektor Tunizije in Srbije.Klub ima pred za\u010detkom nove sezone precej visoke ambicije. V nekaj letih si namre\u010d \u017eelijo priti znova med elito. Ravno s tem namenom so na trenersko mesto postavili Hasenefendi\u0107a, ki je z Gummersbachom v sezoni 2008\/2009 osvojil EHF pokal, dve sezoni kasneje pa je postal \u0161e dvakratni zmagovalec pokala pokalnih zmagovalcev."},{"@context":"https:\/\/schema.org\/","@type":"BreadcrumbList","itemListElement":[{"@type":"ListItem","position":1,"name":"Nekdanji trener Celjanov bo sedel na klop nekdanjega Bundesliga\u0161a","item":"https:\/\/sd-sport.si\/nekdanji-trener-celjanov-bo-sedel-na-klop-nekdanjega-bundesligasa\/#breadcrumbitem"}]}]