[{"@context":"https:\/\/schema.org\/","@type":"NewsArticle","@id":"https:\/\/sd-sport.si\/jaros-bulovic-v-slovenj-gradcu-vse-do-leta-2022\/#NewsArticle","mainEntityOfPage":"https:\/\/sd-sport.si\/jaros-bulovic-v-slovenj-gradcu-vse-do-leta-2022\/","headline":"Jaro\u0161 Bulovi\u010d v Slovenj Gradcu vse do leta 2022","name":"Jaro\u0161 Bulovi\u010d v Slovenj Gradcu vse do leta 2022","description":"Uprava RK Slovenj Gradca 2011 je pred nekaj dnevi podalj\u0161ala pogodbo z enim izmed najve\u010djih njihovih draguljev koro\u0161ke rokometne \u0161ole \u2013 Jaro\u0161em Bulovi\u010dem. Slednji bo v mati\u010dnem klubu ostal vse do leta 2022. Jaro\u0161 Bulovi\u010d, ki igra na poziciji levega krila, je kariero za\u010del v Slovenj Gradcu. Za \u010dlansko mo\u0161tvo je prvi\u010d debitiral v sezoni […]","datePublished":"2018-07-02","dateModified":"2018-07-02","author":{"@type":"Person","@id":"https:\/\/sd-sport.si\/author\/dpekec\/#Person","name":"Dominik Peke\u010d","url":"https:\/\/sd-sport.si\/author\/dpekec\/","image":{"@type":"ImageObject","@id":"https:\/\/secure.gravatar.com\/avatar\/0a03ff834bf273ecc8751080e69f0e8a?s=96&d=mm&r=g","url":"https:\/\/secure.gravatar.com\/avatar\/0a03ff834bf273ecc8751080e69f0e8a?s=96&d=mm&r=g","height":96,"width":96}},"publisher":{"@type":"Organization","name":"SD SPORT","logo":{"@type":"ImageObject","@id":"https:\/\/sd-sport.si\/wp-content\/uploads\/2018\/04\/uradnilogo.jpg","url":"https:\/\/sd-sport.si\/wp-content\/uploads\/2018\/04\/uradnilogo.jpg","width":250,"height":50}},"image":{"@type":"ImageObject","@id":"https:\/\/sd-sport.si\/wp-content\/uploads\/2018\/07\/Jaros-Bulovic-1.-B-DRL-RK-Slovenj-Gradec-podaljsanje-pogodbe.jpg","url":"https:\/\/sd-sport.si\/wp-content\/uploads\/2018\/07\/Jaros-Bulovic-1.-B-DRL-RK-Slovenj-Gradec-podaljsanje-pogodbe.jpg","height":960,"width":960},"url":"https:\/\/sd-sport.si\/jaros-bulovic-v-slovenj-gradcu-vse-do-leta-2022\/","about":["1. B DRL","Slovenska tekmovanja"],"wordCount":330,"keywords":["Jaro\u0161 Bulovi\u010d","naslovna","RK Slovenj Gradec 2011","rokomet"],"articleBody":"Uprava RK Slovenj Gradca 2011 je pred nekaj dnevi podalj\u0161ala pogodbo z enim izmed najve\u010djih njihovih draguljev koro\u0161ke rokometne \u0161ole \u2013 Jaro\u0161em Bulovi\u010dem. Slednji bo v mati\u010dnem klubu ostal vse do leta 2022.Jaro\u0161 Bulovi\u010d, ki igra na poziciji levega krila, je kariero za\u010del v Slovenj Gradcu. Za \u010dlansko mo\u0161tvo je prvi\u010d debitiral v sezoni 2015\/2016, a \u017ee zdaj pridno nabira minute. V leto\u0161nji sezoni je igral \u0161e kot mladinec, a za \u010dlansko mo\u0161tvo nastopil na \u0161tiriindvajsetih tekmah. Poleg tega je vpisal \u0161e 18 zadetkov.Jaro\u0161 Bulovi\u010d je zagotovo ena izmed najve\u010djih prihodnosti Slovenj Gradca 2011. Foto: RK Slovenj Gradec 2011Slovenj Gradec je v leto\u0161nji sezoni 1.B DRL osvojil 4. mesto, kar na koncu ni zadostovalo za ekspresen povratek med elito. Poleg tega bodo v prihodnjo sezono vstopili z novim trenerjem, Slavkom Ivezi\u010dem, ki bo zamenjal Uro\u0161a \u0160erbca. Ta se namre\u010d seli v svoj mati\u010dni klub Kr\u0161ko.Bulovi\u010d je bil sicer v leto\u0161nji sezoni \u0161ele 3. levokrilni igralec. Ve\u010djo vlogo sta pred njim dobila Franci Pokli\u010d ter Jure Gorenjak, ki je kariero za\u010del v Celju.Slovenjgrad\u010dani za uvod na PrimorskoSlavka Ivezi\u010da \u010daka nov izziv v bogati trenerski karieri. Foto: Slavko KolarRK Slovenj Gradec 2011 bo novo sezono za\u010del 15.9. v Ajdov\u0161\u010dini. Nato sledi doma\u010da tekma proti Mokercu iz IG-a, kasneje pa \u0161e gostujo\u010da tekma z Izolo ter doma\u010di dvoboj proti Kozini. Sezona se bo zaklju\u010dila 18.5.2019, ko se bo \u010deta Slavka Ivezi\u010da odpravila v Trbovlje."},{"@context":"https:\/\/schema.org\/","@type":"BreadcrumbList","itemListElement":[{"@type":"ListItem","position":1,"name":"Jaro\u0161 Bulovi\u010d v Slovenj Gradcu vse do leta 2022","item":"https:\/\/sd-sport.si\/jaros-bulovic-v-slovenj-gradcu-vse-do-leta-2022\/#breadcrumbitem"}]}]