[{"@context":"https:\/\/schema.org\/","@type":"NewsArticle","@id":"https:\/\/sd-sport.si\/jan-grebenc-odhaja-v-danski-skjern\/#NewsArticle","mainEntityOfPage":"https:\/\/sd-sport.si\/jan-grebenc-odhaja-v-danski-skjern\/","headline":"Jan Grebenc odhaja v danski Skjern","name":"Jan Grebenc odhaja v danski Skjern","description":"\u010clanska ekipa RK Gorenje Velenje je pred novo sezono do\u017eivela nepri\u010dakovano spremembo. Na naslov kluba je namre\u010d prispela ponudba danskega Skjerna za prestop Jana Grebenca, ki ga je s \u010drno-rumenimi vezala \u0161e enoletna pogodba. Velenjski klub se je, upo\u0161tevajo\u010d \u017eeljo igralca, z danskimi prvaki dogovoril za pogoje prestopa. Grebenc se je v \u0160ale\u0161ko dolino preselil […]","datePublished":"2018-07-05","dateModified":"2018-07-05","author":{"@type":"Person","@id":"https:\/\/sd-sport.si\/author\/dpekec\/#Person","name":"Dominik Peke\u010d","url":"https:\/\/sd-sport.si\/author\/dpekec\/","image":{"@type":"ImageObject","@id":"https:\/\/secure.gravatar.com\/avatar\/0a03ff834bf273ecc8751080e69f0e8a?s=96&d=mm&r=g","url":"https:\/\/secure.gravatar.com\/avatar\/0a03ff834bf273ecc8751080e69f0e8a?s=96&d=mm&r=g","height":96,"width":96}},"publisher":{"@type":"Organization","name":"SD SPORT","logo":{"@type":"ImageObject","@id":"https:\/\/sd-sport.si\/wp-content\/uploads\/2018\/04\/uradnilogo.jpg","url":"https:\/\/sd-sport.si\/wp-content\/uploads\/2018\/04\/uradnilogo.jpg","width":250,"height":50}},"image":{"@type":"ImageObject","@id":"https:\/\/sd-sport.si\/wp-content\/uploads\/2018\/03\/JK11481.jpg","url":"https:\/\/sd-sport.si\/wp-content\/uploads\/2018\/03\/JK11481.jpg","height":733,"width":1100},"url":"https:\/\/sd-sport.si\/jan-grebenc-odhaja-v-danski-skjern\/","about":["Prestopi"],"wordCount":268,"keywords":["Jan Grebenc","naslovna","Prestop","Skjern"],"articleBody":"\u010clanska ekipa RK Gorenje Velenje je pred novo sezono do\u017eivela nepri\u010dakovano spremembo. Na naslov kluba je namre\u010d prispela ponudba danskega Skjerna za prestop Jana Grebenca, ki ga je s \u010drno-rumenimi vezala \u0161e enoletna pogodba. Velenjski klub se je, upo\u0161tevajo\u010d \u017eeljo igralca, z danskimi prvaki dogovoril za pogoje prestopa.Grebenc se je v \u0160ale\u0161ko dolino preselil pred za\u010detkom minule sezone in se z osami prvi\u010d na svoji \u0161portni poti preizkusil v Ligi prvakov. Na uvodnih \u0161tirih obra\u010dunih je tekmecem nasul 16 golov, ravno na zadnjem izmed njih v \u0160vici pa staknil neugodno po\u0161kodbo gle\u017enja, ki ga je za dalj \u010dasa oddaljila z igri\u0161\u010d. Greben\u010deve dobre predstave niso ostale neopa\u017eene. Za nagrado, ki je plod njegovega truda in dela vseh v velenjskem klubu, bo tako tudi v novi sezoni zaigral med evropsko klubsko elito.Janez Gams, \u0161portni direktor Gorenja Velenja:“Veseli nas, da dobre predstave na\u0161ih fantov niso ostale neopa\u017eene. Ime Jana Grebenca lahko od danes dodamo na seznam rokometa\u0161ev, ki so s predstavami v dresu Gorenja Velenja nase opozorili tuje, finan\u010dno premo\u017enej\u0161e klube. Po prejetju Skjernove ponudbe smo se, glede na Janovo \u017eeljo, da se pred\u010dasno poda novim izzivom naproti, odlo\u010dili, da sprejmemo ponujeno. Finan\u010dno nadomestilo je zadovoljilo obe strani, igralcu pa smo omogo\u010dili, da naredi korak naprej na svoji \u0161portni poti. Janu na njegovi nadaljnji \u0161portni poti \u017eelimo vse najbolj\u0161e. Kljub Greben\u010devem odhodu verjamemo, da imamo pred novo sezono kakovostno, mlado ekipo, ki ji bomo morda dodali \u0161e kak\u0161nega igralca.”"},{"@context":"https:\/\/schema.org\/","@type":"BreadcrumbList","itemListElement":[{"@type":"ListItem","position":1,"name":"Jan Grebenc odhaja v danski Skjern","item":"https:\/\/sd-sport.si\/jan-grebenc-odhaja-v-danski-skjern\/#breadcrumbitem"}]}]