[{"@context":"https:\/\/schema.org\/","@type":"NewsArticle","@id":"https:\/\/sd-sport.si\/ivan-vajdl-se-vraca-v-slovenijo-vodil-bo-trimo-trebnje\/#NewsArticle","mainEntityOfPage":"https:\/\/sd-sport.si\/ivan-vajdl-se-vraca-v-slovenijo-vodil-bo-trimo-trebnje\/","headline":"Ivan Vajdl se vra\u010da v Slovenijo: vodil bo Trimo Trebnje","name":"Ivan Vajdl se vra\u010da v Slovenijo: vodil bo Trimo Trebnje","description":"\u017de dalj \u010dasa je jasno, da se po koncu sezone poslavlja glavni trener Benjamin Tera\u0161. Slednjega pa bo v novi sezoni zamenjal stari znanec Ivan Vajdl, ki je v trebanjskem klubu deloval \u017ee v sezoni 2011\/2012 in 2012\/2013. Vodstvo kluba se je odlo\u010dilo, da po koncu leto\u0161njega prvenstva nekoliko prevetri \u010dlansko ekipo in tako se […]","datePublished":"2019-04-10","dateModified":"2019-04-10","author":{"@type":"Person","@id":"https:\/\/sd-sport.si\/author\/dpekec\/#Person","name":"Dominik Peke\u010d","url":"https:\/\/sd-sport.si\/author\/dpekec\/","image":{"@type":"ImageObject","@id":"https:\/\/secure.gravatar.com\/avatar\/0a03ff834bf273ecc8751080e69f0e8a?s=96&d=mm&r=g","url":"https:\/\/secure.gravatar.com\/avatar\/0a03ff834bf273ecc8751080e69f0e8a?s=96&d=mm&r=g","height":96,"width":96}},"publisher":{"@type":"Organization","name":"SD SPORT","logo":{"@type":"ImageObject","@id":"https:\/\/sd-sport.si\/wp-content\/uploads\/2018\/04\/uradnilogo.jpg","url":"https:\/\/sd-sport.si\/wp-content\/uploads\/2018\/04\/uradnilogo.jpg","width":250,"height":50}},"image":{"@type":"ImageObject","@id":"https:\/\/sd-sport.si\/wp-content\/uploads\/2019\/04\/Ivan-Vajdl-uradna-slika-1.jpg","url":"https:\/\/sd-sport.si\/wp-content\/uploads\/2019\/04\/Ivan-Vajdl-uradna-slika-1.jpg","height":640,"width":960},"url":"https:\/\/sd-sport.si\/ivan-vajdl-se-vraca-v-slovenijo-vodil-bo-trimo-trebnje\/","about":["Liga NLB","Prestopi","Slovenska tekmovanja"],"wordCount":374,"keywords":["Ivan Vajdl","Liga NLB","naslovna","RK Trimo Trebnje"],"articleBody":"\u017de dalj \u010dasa je jasno, da se po koncu sezone poslavlja glavni trener Benjamin Tera\u0161. Slednjega pa bo v novi sezoni zamenjal stari znanec Ivan Vajdl, ki je v trebanjskem klubu deloval \u017ee v sezoni 2011\/2012 in 2012\/2013.Vodstvo kluba se je odlo\u010dilo, da po koncu leto\u0161njega prvenstva nekoliko prevetri \u010dlansko ekipo in tako se v klub na mesto prvega trenerja po \u0161estih letih vra\u010da izku\u0161eni strokovnjak Ivan Vajdl, ki je nazadnje deloval pri avstrijskem Ferlachu.Vajdl, sicer nekdanji odli\u010dni rokometni vratar, je svojo trenersko kariero za\u010del kot pomo\u010dnik pri velenjskem Gorenju, kasneje ga je pot zanesla \u0161e v KAC Celovec. Nato je kot glavni trener vodil \u0161e velenjsko mo\u0161tvo ter Slovenj Gradec.V Trebnjem se je v dr\u017eavnem prvenstvu prebila do 4. in 5. mesta, kar je eden izmed razlogov za povratek v Trimo. Glavni cilj trebanjskega kluba v naslednji sezoni je uvrstitev v Ligo NLB za prvaka, \u010dez nekaj let pa se prebiti v evropska tekmovanja.Trebanjskim rokometa\u0161em se v leto\u0161nji sezoni ni uspelo uvrstiti v Ligo NLB za prvaka. Foto: Dominik Peke\u010d\/\u0160D \u0160portKlub bodo v naslednji sezoni poleg Vajdla uradno okrepili vratar Aleksandar Tomi\u0107 in kro\u017eni napadalec David Didovi\u010d, novo ime pa bo znano v bli\u017enji prihodnosti.\u00bbVesel sem, da se po \u0161tirih letih spet vra\u010dam v Slovenijo. V veselje mi je, da me je v novo sredino kontaktiral prav Trimo Trebnje, s katerim sem sodeloval \u017ee pred leti. Gre za klub, ki ima v bodo\u010de visoke cilje in je v preteklosti ustvaril \u017ee vrsto reprezentantov ter predvsem tudi odli\u010dnih srednjih zunanjih rokometa\u0161ev. V Trebnjem so se kalili Miha Zarabec, brata Skube, Rok Skol, ki zdaj blesti v Avstriji in tudi An\u017ee Ratajec. Menim, da ekipa lahko dose\u017ee zastavljene cilje in prika\u017ee pravi temperament ter karakter, obenem \u017eelimo dvigniti trebanjski rokomet na vi\u0161jo raven. Glavni na\u010drt kluba pa je, da se uvrstimo med najbolj\u0161e slovenske rokometne klube,\u00ab je o povratku v Trebnje dejal Vajdl, ki je s klubom podpisal dvoletno sodelovanje."},{"@context":"https:\/\/schema.org\/","@type":"BreadcrumbList","itemListElement":[{"@type":"ListItem","position":1,"name":"Ivan Vajdl se vra\u010da v Slovenijo: vodil bo Trimo Trebnje","item":"https:\/\/sd-sport.si\/ivan-vajdl-se-vraca-v-slovenijo-vodil-bo-trimo-trebnje\/#breadcrumbitem"}]}]