[{"@context":"https:\/\/schema.org\/","@type":"NewsArticle","@id":"https:\/\/sd-sport.si\/brumen-si-z-izolo-zeli-priti-v-prvo-ligo\/#NewsArticle","mainEntityOfPage":"https:\/\/sd-sport.si\/brumen-si-z-izolo-zeli-priti-v-prvo-ligo\/","headline":"Brumen si z Izolo \u017eeli priti v prvo ligo!","name":"Brumen si z Izolo \u017eeli priti v prvo ligo!","description":"Ta konec tedna smo opravili video intervju z nekdanjim slovenskim rokometnim reprezentantom, Matja\u017eem Brumnom, ki bo leto\u0161njo sezono pri\u010del pri zelo ambiciozni Izoli. Matja\u017e Brumen je v intervjuju za rokometni portal \u0160D \u0160port, predstavil realno stanje za prihod in povratek na obalo. Prav tako je napovedal tudi cilje v leto\u0161nje ter mo\u017enosti ekipe za preboj […]","datePublished":"2018-08-28","dateModified":"2018-08-28","author":{"@type":"Person","@id":"https:\/\/sd-sport.si\/author\/dpekec\/#Person","name":"Dominik Peke\u010d","url":"https:\/\/sd-sport.si\/author\/dpekec\/","image":{"@type":"ImageObject","@id":"https:\/\/secure.gravatar.com\/avatar\/0a03ff834bf273ecc8751080e69f0e8a?s=96&d=mm&r=g","url":"https:\/\/secure.gravatar.com\/avatar\/0a03ff834bf273ecc8751080e69f0e8a?s=96&d=mm&r=g","height":96,"width":96}},"publisher":{"@type":"Organization","name":"SD SPORT","logo":{"@type":"ImageObject","@id":"https:\/\/sd-sport.si\/wp-content\/uploads\/2018\/04\/uradnilogo.jpg","url":"https:\/\/sd-sport.si\/wp-content\/uploads\/2018\/04\/uradnilogo.jpg","width":250,"height":50}},"image":{"@type":"ImageObject","@id":"https:\/\/sd-sport.si\/wp-content\/uploads\/2018\/08\/Matja\u017e-Brumen-RD-Izola.jpg","url":"https:\/\/sd-sport.si\/wp-content\/uploads\/2018\/08\/Matja\u017e-Brumen-RD-Izola.jpg","height":480,"width":720},"url":"https:\/\/sd-sport.si\/brumen-si-z-izolo-zeli-priti-v-prvo-ligo\/","about":["1. B DRL","INTERVJU","Slovenska tekmovanja"],"wordCount":87,"keywords":["intervju","Matja\u017e Brumen","naslovna","RD Butan Plini Izola"],"articleBody":"Ta konec tedna smo opravili video intervju z nekdanjim slovenskim rokometnim reprezentantom, Matja\u017eem Brumnom, ki bo leto\u0161njo sezono pri\u010del pri zelo ambiciozni Izoli.Matja\u017e Brumen je v intervjuju za rokometni portal \u0160D \u0160port, predstavil realno stanje za prihod in povratek na obalo. Prav tako je napovedal tudi cilje v leto\u0161nje ter mo\u017enosti ekipe za preboj med prvoliga\u0161ko dru\u0161\u010dino.Ve\u010d o intervjuju na spodnji povezavi:"},{"@context":"https:\/\/schema.org\/","@type":"BreadcrumbList","itemListElement":[{"@type":"ListItem","position":1,"name":"Brumen si z Izolo \u017eeli priti v prvo ligo!","item":"https:\/\/sd-sport.si\/brumen-si-z-izolo-zeli-priti-v-prvo-ligo\/#breadcrumbitem"}]}]