[{"@context":"https:\/\/schema.org\/","@type":"NewsArticle","@id":"https:\/\/sd-sport.si\/anze-ratajec-tudi-uradno-pri-makedonskem-podprvaku\/#NewsArticle","mainEntityOfPage":"https:\/\/sd-sport.si\/anze-ratajec-tudi-uradno-pri-makedonskem-podprvaku\/","headline":"An\u017ee Ratajec tudi uradno pri makedonskem podprvaku","name":"An\u017ee Ratajec tudi uradno pri makedonskem podprvaku","description":"RK Eurofarm Rabotnik, ki je v leto\u0161nji sezoni osvojil naslov makedonskega prvaka in le za to\u010dko izgubil naziv najbolj\u0161ega v dr\u017eavi, bo v prihodnji sezoni v svoji vrstah imel tudi enega slovenskega legionarja. V Severno Makedonijo, kjer utegne Eurofarm igrati tako SEHA ligo kot morda celo EHF Ligo prvakov, se seli An\u017ee Ratajec. Slednjega so […]","datePublished":"2019-06-20","dateModified":"2019-06-20","author":{"@type":"Person","@id":"https:\/\/sd-sport.si\/author\/dpekec\/#Person","name":"Dominik Peke\u010d","url":"https:\/\/sd-sport.si\/author\/dpekec\/","image":{"@type":"ImageObject","@id":"https:\/\/secure.gravatar.com\/avatar\/0a03ff834bf273ecc8751080e69f0e8a?s=96&d=mm&r=g","url":"https:\/\/secure.gravatar.com\/avatar\/0a03ff834bf273ecc8751080e69f0e8a?s=96&d=mm&r=g","height":96,"width":96}},"publisher":{"@type":"Organization","name":"SD SPORT","logo":{"@type":"ImageObject","@id":"https:\/\/sd-sport.si\/wp-content\/uploads\/2018\/04\/uradnilogo.jpg","url":"https:\/\/sd-sport.si\/wp-content\/uploads\/2018\/04\/uradnilogo.jpg","width":250,"height":50}},"image":{"@type":"ImageObject","@id":"https:\/\/sd-sport.si\/wp-content\/uploads\/2019\/04\/Anze-Ratajec-eleven-RK-Trimo-Trebnje-Ferlach-Avstrija-1.jpg","url":"https:\/\/sd-sport.si\/wp-content\/uploads\/2019\/04\/Anze-Ratajec-eleven-RK-Trimo-Trebnje-Ferlach-Avstrija-1.jpg","height":640,"width":960},"url":"https:\/\/sd-sport.si\/anze-ratajec-tudi-uradno-pri-makedonskem-podprvaku\/","about":["Prestopi","Tuja prvenstva"],"wordCount":357,"keywords":["An\u017ee Ratajec","Makedonija","naslovna","Prestop","RK Eurofarm Rabotnik","Slovenski legionarji","Tuja prvenstva"],"articleBody":"RK Eurofarm Rabotnik, ki je v leto\u0161nji sezoni osvojil naslov makedonskega prvaka in le za to\u010dko izgubil naziv najbolj\u0161ega v dr\u017eavi, bo v prihodnji sezoni v svoji vrstah imel tudi enega slovenskega legionarja. V Severno Makedonijo, kjer utegne Eurofarm igrati tako SEHA ligo kot morda celo EHF Ligo prvakov, se seli An\u017ee Ratajec. Slednjega so tudi uradno predstavili v\u010deraj.An\u017ee Ratajec bo po Avstriji in Mad\u017earski preizkusil \u0161e igranje v Makedoniji. Foto: HSG GrazRatajec je leto\u0161njo sezono pre\u017eivel pri avstrijskemu prvoliga\u0161u Ferlachu, zdaj pa ga \u010dakajo novi izzivi. Odhaja v Makedonijo k Eurofarm Rabotniku, ki je \u0161e letos igral v skupini smrti EHF pokala skupaj z nem\u0161kim Hannoverjem, NEXE-jem iz Na\u0161ic ter Grundfos Tatabanyo.Kot je \u017ee znano, bo drugouvr\u0161\u010dena ekipa makedonskega prvenstva naslednjo sezono nastopala celo v SEHA ligi, po neuspehu Metalurga pa si utegne priigrati celo mesto v skupinskem delu EHF Lige prvakov. To so povsem jasni razlogi za Rataj\u010dev prestop v Makedonijo.\u00bbDo prestopa v Eurofarm Rabotnik je pri\u0161lo s pomo\u010djo prijatelja, ki me je predlagal agentu iz Makedonije. Trener Eurofarma Stev\u010de Alu\u0161evski (legendarno levo krilo Makedonije) me je kmalu za tem poklical in v pogovoru predstavil projekt in pri\u010dakovanja. Po pogovoru sem kar hitro dojel da name resno ra\u010duna in da sem njegova velika \u017eelja,\u00ab\u00a0nam pove Ratajec, ki je lani igral za mati\u010dni klub Trimo Trebnje.\u00bbZ drugo zmago v kon\u010dnici proti neposrednemu konkurentu, si je klub zagotovil nastopanje v SEHA ligi, kar je definitivno velik uspeh. Eurofarm bo prvi\u010d nastopal v liga SEHA in se \u017ee veselim, da bom tudi sam del tega. Leto\u0161nji rezultati v EHF tekmovanju in doma\u010dem prvenstvu ka\u017eejo na neverjeten napredek, nastopanje v SEHA ligi je samo korak naprej za celoten klub, da tudi tam poka\u017ee za kako resen projekt gre,\u00ab\u00a0je dodal Ratajec."},{"@context":"https:\/\/schema.org\/","@type":"BreadcrumbList","itemListElement":[{"@type":"ListItem","position":1,"name":"An\u017ee Ratajec tudi uradno pri makedonskem podprvaku","item":"https:\/\/sd-sport.si\/anze-ratajec-tudi-uradno-pri-makedonskem-podprvaku\/#breadcrumbitem"}]}]